{"id":879,"date":"2017-01-11T18:52:52","date_gmt":"2017-01-11T16:52:52","guid":{"rendered":"https:\/\/www.parcduluberon.fr\/?p=879\/"},"modified":"2023-12-20T16:16:31","modified_gmt":"2023-12-20T15:16:31","slug":"preparez-votre-sejour","status":"publish","type":"post","link":"https:\/\/www.parcduluberon.fr\/en\/a-voir-a-faire\/preparer-votre-sejour\/preparez-votre-sejour\/","title":{"rendered":"Pr\u00e9parer votre s\u00e9jour"},"content":{"rendered":"<p><div class=\"fusion-fullwidth fullwidth-box introduction nonhundred-percent-fullwidth non-hundred-percent-height-scrolling\"  style='background-color: rgba(255,255,255,0);background-position: center center;background-repeat: no-repeat;padding-top:0px;padding-right:0px;padding-bottom:10px;padding-left:0px;'><div class=\"fusion-builder-row fusion-row \"><div  class=\"fusion-layout-column fusion_builder_column fusion_builder_column_1_5  fusion-one-fifth fusion-column-first fusion-spacing-no 1_5\"  style='margin-top:0px;margin-bottom:0px;width:20%;width:calc(20% - ( ( 0 + 0 ) * 0.2 ) );margin-right: 0px;'>\n\t\t\t\t\t<div class=\"fusion-column-wrapper\" style=\"padding: 20px 10% 0px 10%;background-position:left top;background-repeat:no-repeat;-webkit-background-size:cover;-moz-background-size:cover;-o-background-size:cover;background-size:cover;\"  data-bg-url=\"\">\n\t\t\t\t\t\t<div class=\"fusion-widget-area fusion-widget-area-1 fusion-content-widget-area\"><style type=\"text\/css\" scoped=\"scoped\">.fusion-widget-area-1 {padding:0px 0px 0px 0px;}.fusion-widget-area-1 .widget h4 {color:#23637c;}.fusion-widget-area-1 .widget .heading h4 {color:#23637c;}.fusion-widget-area-1 .widget h4 {font-size:18px;}.fusion-widget-area-1 .widget .heading h4 {font-size:18px;}<\/style><div id=\"execphp-2\" class=\"widget widget_execphp\">\t\t\t<div class=\"execphpwidget\"><h6><strong>Mots clefs<\/strong><\/h6><li class=\"fa fa-tag\"> <a href=\"https:\/\/www.parcduluberon.fr\/en\/tag\/connaitre\/\" rel=\"tag\">Conna\u00eetre<\/a><li class=\"fa fa-tag\"> <a href=\"https:\/\/www.parcduluberon.fr\/en\/tag\/decouverte\/\" rel=\"tag\">D\u00e9couverte<\/a><li class=\"fa fa-tag\"> <a href=\"https:\/\/www.parcduluberon.fr\/en\/tag\/tourisme\/\" rel=\"tag\">Tourisme<\/a><\/li><\/div>\n\t\t<\/div><div class=\"fusion-additional-widget-content\"><\/div><\/div><div class=\"fusion-clearfix\"><\/div>\n\n\t\t\t\t\t<\/div>\n\t\t\t\t<\/div><div  class=\"fusion-layout-column fusion_builder_column fusion_builder_column_3_5  fusion-three-fifth fusion-spacing-no 3_5\"  style='margin-top:0px;margin-bottom:0px;width:60%;width:calc(60% - ( ( 0 + 0 ) * 0.6 ) );margin-right: 0px;'>\n\t\t\t\t\t<div class=\"fusion-column-wrapper\" style=\"padding: 0px 0px 0px 0px;background-position:left top;background-repeat:no-repeat;-webkit-background-size:cover;-moz-background-size:cover;-o-background-size:cover;background-size:cover;\"  data-bg-url=\"\">\n\t\t\t\t\t\t<div class=\"fusion-text\"><p>Pour toute information touristique, contactez les offices de tourisme du Luberon et les agences d\u00e9partementales des Alpes de Haute-Provence et de Vaucluse.<\/p>\n<\/div><div class=\"fusion-clearfix\"><\/div>\n\n\t\t\t\t\t<\/div>\n\t\t\t\t<\/div><div  class=\"fusion-layout-column fusion_builder_column fusion_builder_column_1_5  fusion-one-fifth fusion-column-last fusion-spacing-no 1_5\"  style='margin-top:0px;margin-bottom:0px;width:20%;width:calc(20% - ( ( 0 + 0 ) * 0.2 ) );'>\n\t\t\t\t\t<div class=\"fusion-column-wrapper\" style=\"padding: 0px 20px 0px 20px;background-position:left top;background-repeat:no-repeat;-webkit-background-size:cover;-moz-background-size:cover;-o-background-size:cover;background-size:cover;\"  data-bg-url=\"\">\n\t\t\t\t\t\t<div class=\"fusion-clearfix\"><\/div>\n\n\t\t\t\t\t<\/div>\n\t\t\t\t<\/div><\/div><\/div><div class=\"fusion-fullwidth fullwidth-box nonhundred-percent-fullwidth non-hundred-percent-height-scrolling\"  style='background-color: rgba(255,255,255,0);background-position: center center;background-repeat: no-repeat;padding-top:30px;padding-right:0px;padding-bottom:0px;padding-left:0px;'><div class=\"fusion-builder-row fusion-row \"><div  class=\"fusion-layout-column fusion_builder_column fusion_builder_column_1_5  fusion-one-fifth fusion-column-first fusion-spacing-no 1_5\"  style='margin-top:0px;margin-bottom:0px;width:20%;width:calc(20% - ( ( 0 + 0 ) * 0.2 ) );margin-right: 0px;'>\n\t\t\t\t\t<div class=\"fusion-column-wrapper\" style=\"padding: 0px 0px 0px 0px;background-position:left top;background-repeat:no-repeat;-webkit-background-size:cover;-moz-background-size:cover;-o-background-size:cover;background-size:cover;\"  data-bg-url=\"\">\n\t\t\t\t\t\t<div class=\"fusion-clearfix\"><\/div>\n\n\t\t\t\t\t<\/div>\n\t\t\t\t<\/div><div  class=\"fusion-layout-column fusion_builder_column fusion_builder_column_3_5  fusion-three-fifth fusion-spacing-no 3_5\"  style='margin-top:0px;margin-bottom:0px;width:60%;width:calc(60% - ( ( 0 + 0 ) * 0.6 ) );margin-right: 0px;'>\n\t\t\t\t\t<div class=\"fusion-column-wrapper\" style=\"padding: 0px 0px 0px 0px;background-position:left top;background-repeat:no-repeat;-webkit-background-size:cover;-moz-background-size:cover;-o-background-size:cover;background-size:cover;\"  data-bg-url=\"\">\n\t\t\t\t\t\t<div class=\"fusion-title title fusion-sep-none fusion-title-size-three pnrl-tp-article\" style=\"margin-top:0px;margin-bottom:31px;\"><h3 class=\"title-heading-left\">Les offices de tourisme du Luberon<\/h3><\/div><div class=\"fusion-clearfix\"><\/div>\n\n\t\t\t\t\t<\/div>\n\t\t\t\t<\/div><div  class=\"fusion-layout-column fusion_builder_column fusion_builder_column_1_5  fusion-one-fifth fusion-column-last fusion-spacing-no 1_5\"  style='margin-top:0px;margin-bottom:0px;width:20%;width:calc(20% - ( ( 0 + 0 ) * 0.2 ) );'>\n\t\t\t\t\t<div class=\"fusion-column-wrapper\" style=\"padding: 0px 0px 0px 0px;background-position:left top;background-repeat:no-repeat;-webkit-background-size:cover;-moz-background-size:cover;-o-background-size:cover;background-size:cover;\"  data-bg-url=\"\">\n\t\t\t\t\t\t<div class=\"fusion-clearfix\"><\/div>\n\n\t\t\t\t\t<\/div>\n\t\t\t\t<\/div><div  class=\"fusion-layout-column fusion_builder_column fusion_builder_column_1_5  fusion-one-fifth fusion-column-first fusion-spacing-no 1_5\"  style='margin-top:0px;margin-bottom:0px;width:20%;width:calc(20% - ( ( 0 ) * 0.2 ) );margin-right: 0px;'>\n\t\t\t\t\t<div class=\"fusion-column-wrapper\" style=\"padding: 0px 0px 0px 0px;background-position:left top;background-repeat:no-repeat;-webkit-background-size:cover;-moz-background-size:cover;-o-background-size:cover;background-size:cover;\"  data-bg-url=\"\">\n\t\t\t\t\t\t<div class=\"fusion-clearfix\"><\/div>\n\n\t\t\t\t\t<\/div>\n\t\t\t\t<\/div><div  class=\"fusion-layout-column fusion_builder_column fusion_builder_column_3_5  fusion-three-fifth fusion-column-last 3_5\"  style='margin-top:0px;margin-bottom:0px;width:60%;width:calc(60% - ( ( 0 ) * 0.6 ) );'>\n\t\t\t\t\t<div class=\"fusion-column-wrapper\" style=\"padding: 0px 0px 0px 0px;background-position:left top;background-repeat:no-repeat;-webkit-background-size:cover;-moz-background-size:cover;-o-background-size:cover;background-size:cover;\"  data-bg-url=\"\">\n\t\t\t\t\t\t<div class=\"fusion-tabs fusion-tabs-1 clean pnrl-tabs-article vertical-tabs icon-position-left\"><style type=\"text\/css\">#wrapper .fusion-tabs.fusion-tabs-1.clean .nav-tabs li a{border-color:#ebeaea;}.fusion-tabs.fusion-tabs-1 .nav-tabs li a{background-color:#ffffff;}.fusion-tabs.fusion-tabs-1 .nav-tabs li.active a,.fusion-tabs.fusion-tabs-1 .nav-tabs li.active a:hover,.fusion-tabs.fusion-tabs-1 .nav-tabs li.active a:focus{background-color:#f4f4f4;}.fusion-tabs.fusion-tabs-1 .nav-tabs li a:hover{background-color:#f4f4f4;border-top-color:#f4f4f4;}.fusion-tabs.fusion-tabs-1 .tab-pane{background-color:#f4f4f4;}.fusion-tabs.fusion-tabs-1 .nav,.fusion-tabs.fusion-tabs-1 .nav-tabs,.fusion-tabs.fusion-tabs-1 .tab-content .tab-pane{border-color:#ebeaea;}<\/style><div class=\"nav\"><ul class=\"nav-tabs\"><li class=\"active\"><a class=\"tab-link\" data-toggle=\"tab\" id=\"fusion-tab-apt&gt;paysd&#039;aptluberon\" href=\"#tab-f8d03e2130243bbec10\"><h4 class=\"fusion-tab-heading\">Apt &gt; Pays d'Apt Luberon<\/h4><\/a><\/li><li><a class=\"tab-link\" data-toggle=\"tab\" id=\"fusion-tab-banon&gt;haute-provencepaysdebanon\" href=\"#tab-457ac7edc66b4f6e96e\"><h4 class=\"fusion-tab-heading\">Banon &gt; Haute-Provence Pays de Banon<\/h4><\/a><\/li><li><a class=\"tab-link\" data-toggle=\"tab\" id=\"fusion-tab-cavaillon-gordes-lourmarin&gt;destinationluberon\" href=\"#tab-a521fda0bed0ece96f2\"><h4 class=\"fusion-tab-heading\">Cavaillon - Gordes - Lourmarin &gt; Destination Luberon<\/h4><\/a><\/li><li><a class=\"tab-link\" data-toggle=\"tab\" id=\"fusion-tab-forcalquier-lure&gt;haute-provencetourisme\" href=\"#tab-10f52a44354d40e5f9a\"><h4 class=\"fusion-tab-heading\"> Forcalquier - Lure &gt; Haute-Provence Tourisme<\/h4><\/a><\/li><li><a class=\"tab-link\" data-toggle=\"tab\" id=\"fusion-tab-latourd&#039;aigues-cucuron&gt;luberonsudtourisme\" href=\"#tab-df23f1d5ad11e3f50f0\"><h4 class=\"fusion-tab-heading\">La Tour d'Aigues - Cucuron &gt; Luberon Sud Tourisme<\/h4><\/a><\/li><li><a class=\"tab-link\" data-toggle=\"tab\" id=\"fusion-tab-manosque&gt;duranceluberonverdontourisme\" href=\"#tab-6fd546820ca0c85a8ab\"><h4 class=\"fusion-tab-heading\">Manosque &gt; Durance Luberon Verdon Tourisme<\/h4><\/a><\/li><li><a class=\"tab-link\" data-toggle=\"tab\" id=\"fusion-tab-pertuis&gt;officedetourismemunicipal\" href=\"#tab-a8dbced8eb4e693191d\"><h4 class=\"fusion-tab-heading\">Pertuis &gt; Office de tourisme municipal<\/h4><\/a><\/li><\/ul><\/div><div class=\"tab-content\"><div class=\"nav fusion-mobile-tab-nav\"><ul class=\"nav-tabs\"><li class=\"active\"><a class=\"tab-link\" data-toggle=\"tab\" id=\"mobile-fusion-tab-apt&gt;paysd&#039;aptluberon\" href=\"#tab-f8d03e2130243bbec10\"><h4 class=\"fusion-tab-heading\">Apt &gt; Pays d'Apt Luberon<\/h4><\/a><\/li><\/ul><\/div><div class=\"tab-pane fade in active\" id=\"tab-f8d03e2130243bbec10\">\n<p><a href=\"https:\/\/www.luberon-apt.fr\" target=\"_blank\" rel=\"noopener\">www.luberon-apt.fr<\/a><\/p>\n<p>T\u00e9l. +33 (0)4 90 74 03 18<\/p>\n<p><iframe loading=\"lazy\" src=\"\/\/umap.openstreetmap.fr\/fr\/map\/parc-du-luberon-ot-apt_901768\" width=\"100%\" height=\"300px\" frameborder=\"0\" allowfullscreen=\"allowfullscreen\"><\/iframe><\/p>\n<\/div><div class=\"nav fusion-mobile-tab-nav\"><ul class=\"nav-tabs\"><li><a class=\"tab-link\" data-toggle=\"tab\" id=\"mobile-fusion-tab-banon&gt;haute-provencepaysdebanon\" href=\"#tab-457ac7edc66b4f6e96e\"><h4 class=\"fusion-tab-heading\">Banon &gt; Haute-Provence Pays de Banon<\/h4><\/a><\/li><\/ul><\/div><div class=\"tab-pane fade\" id=\"tab-457ac7edc66b4f6e96e\">\n<p><a href=\"https:\/\/hauteprovencepaysdebanon-tourisme.fr\/fr\/\" target=\"_blank\" rel=\"noopener\">hauteprovencepaysdebanon-tourisme.fr<\/a><\/p>\n<p>T\u00e9l. +33 (0)4 92 76 45 37<\/p>\n<p><iframe loading=\"lazy\" src=\"\/\/umap.openstreetmap.fr\/fr\/map\/parc-du-luberon-ot-banon_901771\" width=\"100%\" height=\"300px\" frameborder=\"0\" allowfullscreen=\"allowfullscreen\"><\/iframe><\/p>\n<\/div><div class=\"nav fusion-mobile-tab-nav\"><ul class=\"nav-tabs\"><li><a class=\"tab-link\" data-toggle=\"tab\" id=\"mobile-fusion-tab-cavaillon-gordes-lourmarin&gt;destinationluberon\" href=\"#tab-a521fda0bed0ece96f2\"><h4 class=\"fusion-tab-heading\">Cavaillon - Gordes - Lourmarin &gt; Destination Luberon<\/h4><\/a><\/li><\/ul><\/div><div class=\"tab-pane fade\" id=\"tab-a521fda0bed0ece96f2\">\n<p><a href=\"https:\/\/www.destinationluberon.com\" target=\"_blank\" rel=\"noopener\">www.destinationluberon.com<\/a><\/p>\n<p>\u2022 Cavaillon : t\u00e9l. +33 (0)4 90 71 32 01<\/p>\n<p>\u2022 Gordes : t\u00e9l. +33 (0)4 90 72 02 75<\/p>\n<p>\u2022 Lourmarin : t\u00e9l. +33 (0)4 90 68 10 77<\/p>\n<p><iframe loading=\"lazy\" src=\"\/\/umap.openstreetmap.fr\/fr\/map\/parc-du-luberon-ot-cavaillon_901773\" width=\"100%\" height=\"300px\" frameborder=\"0\" allowfullscreen=\"allowfullscreen\"><\/iframe><\/p>\n<\/div><div class=\"nav fusion-mobile-tab-nav\"><ul class=\"nav-tabs\"><li><a class=\"tab-link\" data-toggle=\"tab\" id=\"mobile-fusion-tab-forcalquier-lure&gt;haute-provencetourisme\" href=\"#tab-10f52a44354d40e5f9a\"><h4 class=\"fusion-tab-heading\"> Forcalquier - Lure &gt; Haute-Provence Tourisme<\/h4><\/a><\/li><\/ul><\/div><div class=\"tab-pane fade\" id=\"tab-10f52a44354d40e5f9a\">\n<p><a href=\"https:\/\/www.haute-provence-tourisme.com\" target=\"_blank\" rel=\"noopener\">www.haute-provence-tourisme.com<\/a><\/p>\n<p>T\u00e9l. +33 (0)4 92 75 10 02<\/p>\n<p><iframe loading=\"lazy\" src=\"\/\/umap.openstreetmap.fr\/fr\/map\/parc-du-luberon-ot-forcalquier_901774\" width=\"100%\" height=\"300px\" frameborder=\"0\" allowfullscreen=\"allowfullscreen\"><\/iframe><\/p>\n<\/div><div class=\"nav fusion-mobile-tab-nav\"><ul class=\"nav-tabs\"><li><a class=\"tab-link\" data-toggle=\"tab\" id=\"mobile-fusion-tab-latourd&#039;aigues-cucuron&gt;luberonsudtourisme\" href=\"#tab-df23f1d5ad11e3f50f0\"><h4 class=\"fusion-tab-heading\">La Tour d'Aigues - Cucuron &gt; Luberon Sud Tourisme<\/h4><\/a><\/li><\/ul><\/div><div class=\"tab-pane fade\" id=\"tab-df23f1d5ad11e3f50f0\">\n<p><a href=\"https:\/\/www.luberon-sud-tourisme.fr\" target=\"_blank\" rel=\"noopener\">www.luberon-sud-tourisme.fr<\/a><\/p>\n<p>\u2022 La Tour d\u2019Aigues : t\u00e9l. +33 (0)4 90 07 50 29<\/p>\n<p>\u2022 Cucuron : t\u00e9l. +33 (0)4 90 77 28 37<\/p>\n<p><iframe loading=\"lazy\" src=\"\/\/umap.openstreetmap.fr\/fr\/map\/parc-du-luberon-ot-la-tour-daigues_901775\" width=\"100%\" height=\"300px\" frameborder=\"0\" allowfullscreen=\"allowfullscreen\"><\/iframe><\/p>\n<\/div><div class=\"nav fusion-mobile-tab-nav\"><ul class=\"nav-tabs\"><li><a class=\"tab-link\" data-toggle=\"tab\" id=\"mobile-fusion-tab-manosque&gt;duranceluberonverdontourisme\" href=\"#tab-6fd546820ca0c85a8ab\"><h4 class=\"fusion-tab-heading\">Manosque &gt; Durance Luberon Verdon Tourisme<\/h4><\/a><\/li><\/ul><\/div><div class=\"tab-pane fade\" id=\"tab-6fd546820ca0c85a8ab\">\n<p><a href=\"https:\/\/www.tourisme-manosque.fr\/\" target=\"_blank\" rel=\"noopener\">www.manosque-tourisme.com<\/a><\/p>\n<p>T\u00e9l. +33 (0)4 92 72 16 00<\/p>\n<p><iframe loading=\"lazy\" src=\"\/\/umap.openstreetmap.fr\/fr\/map\/parc-du-luberon-ot-manosque_901776\" width=\"100%\" height=\"300px\" frameborder=\"0\" allowfullscreen=\"allowfullscreen\"><\/iframe><\/p>\n<\/div><div class=\"nav fusion-mobile-tab-nav\"><ul class=\"nav-tabs\"><li><a class=\"tab-link\" data-toggle=\"tab\" id=\"mobile-fusion-tab-pertuis&gt;officedetourismemunicipal\" href=\"#tab-a8dbced8eb4e693191d\"><h4 class=\"fusion-tab-heading\">Pertuis &gt; Office de tourisme municipal<\/h4><\/a><\/li><\/ul><\/div><div class=\"tab-pane fade\" id=\"tab-a8dbced8eb4e693191d\">\n<p><a href=\"https:\/\/www.tourisme-pertuis.fr\/\" target=\"_blank\" rel=\"noopener\">www.tourisme-pertuis.fr<\/a><\/p>\n<p>T\u00e9l. +33 (0)4 90 79 52 29<\/p>\n<p><iframe loading=\"lazy\" src=\"\/\/umap.openstreetmap.fr\/fr\/map\/parc-du-luberon-ot-pertuis_901778\" width=\"100%\" height=\"300px\" frameborder=\"0\" allowfullscreen=\"allowfullscreen\"><\/iframe><\/p>\n<\/div><\/div><\/div><div class=\"fusion-clearfix\"><\/div>\n\n\t\t\t\t\t<\/div>\n\t\t\t\t<\/div><\/div><\/div><div class=\"fusion-fullwidth fullwidth-box nonhundred-percent-fullwidth non-hundred-percent-height-scrolling\"  style='background-color: rgba(255,255,255,0);background-position: center center;background-repeat: no-repeat;padding-top:30px;padding-right:0px;padding-bottom:0px;padding-left:0px;'><div class=\"fusion-builder-row fusion-row \"><div  class=\"fusion-layout-column fusion_builder_column fusion_builder_column_1_5  fusion-one-fifth fusion-column-first fusion-spacing-no 1_5\"  style='margin-top:0px;margin-bottom:0px;width:20%;width:calc(20% - ( ( 0 ) * 0.2 ) );margin-right: 0px;'>\n\t\t\t\t\t<div class=\"fusion-column-wrapper\" style=\"padding: 0px 0px 0px 0px;background-position:left top;background-repeat:no-repeat;-webkit-background-size:cover;-moz-background-size:cover;-o-background-size:cover;background-size:cover;\"  data-bg-url=\"\">\n\t\t\t\t\t\t<div class=\"fusion-clearfix\"><\/div>\n\n\t\t\t\t\t<\/div>\n\t\t\t\t<\/div><div  class=\"fusion-layout-column fusion_builder_column fusion_builder_column_3_5  fusion-three-fifth fusion-column-last fusion-spacing-no 3_5\"  style='margin-top:0px;margin-bottom:0px;width:60%;width:calc(60% - ( ( 0 ) * 0.6 ) );'>\n\t\t\t\t\t<div class=\"fusion-column-wrapper\" style=\"padding: 0px 0px 0px 0px;background-position:left top;background-repeat:no-repeat;-webkit-background-size:cover;-moz-background-size:cover;-o-background-size:cover;background-size:cover;\"  data-bg-url=\"\">\n\t\t\t\t\t\t<div class=\"fusion-title title fusion-sep-none fusion-title-size-three pnrl-tp-article\" style=\"margin-top:0px;margin-bottom:31px;\"><h3 class=\"title-heading-left\">Les agences de d\u00e9veloppement touristique<\/h3><\/div><div class=\"fusion-text\"><p><strong>Vaucluse Provence Attractivit\u00e9<\/strong><\/p>\n<p>T\u00e9l. +33 (0)4 90 80 47 00<br \/>\n<a href=\"https:\/\/www.provenceguide.com\" target=\"_blank\" rel=\"noopener\">www.provenceguide.com<\/a><br \/>\n<a href=\"https:\/\/www.provence-en-famille.fr\" target=\"_blank\" rel=\"noopener\">www.provence-en-famille.fr<\/a><br \/>\n<a href=\"https:\/\/www.provence-a-velo.fr\/\" target=\"_blank\" rel=\"noopener\">www.provence-a-velo.fr<\/a><br \/>\n<a href=\"mailto:info@provenceguide.com\">info@provenceguide.com<\/a><\/p>\n<p><strong>Agence de d\u00e9veloppement touristique des Alpes de Haute-Provence<\/strong><\/p>\n<p>T\u00e9l. +33 (0)4 92 31 57 29<br \/>\n<a href=\"https:\/\/www.tourisme-alpes-haute-provence.com\" target=\"_blank\" rel=\"noopener\">www.tourisme-alpes-haute-provence.com<\/a><br \/>\n<a href=\"mailto:info@alpes-haute-provence.com\">info@alpes-haute-provence.com<\/a><\/p>\n<\/div><div class=\"fusion-clearfix\"><\/div>\n\n\t\t\t\t\t<\/div>\n\t\t\t\t<\/div><\/div><\/div><div class=\"fusion-fullwidth fullwidth-box nonhundred-percent-fullwidth non-hundred-percent-height-scrolling\"  style='background-color: rgba(255,255,255,0);background-position: center center;background-repeat: no-repeat;padding-top:30px;padding-right:0px;padding-bottom:0px;padding-left:0px;'><div class=\"fusion-builder-row fusion-row \"><div  class=\"fusion-layout-column fusion_builder_column fusion_builder_column_1_5  fusion-one-fifth fusion-column-first fusion-spacing-no 1_5\"  style='margin-top:0px;margin-bottom:0px;width:20%;width:calc(20% - ( ( 0 ) * 0.2 ) );margin-right: 0px;'>\n\t\t\t\t\t<div class=\"fusion-column-wrapper\" style=\"padding: 0px 0px 0px 0px;background-position:left top;background-repeat:no-repeat;-webkit-background-size:cover;-moz-background-size:cover;-o-background-size:cover;background-size:cover;\"  data-bg-url=\"\">\n\t\t\t\t\t\t<div class=\"fusion-clearfix\"><\/div>\n\n\t\t\t\t\t<\/div>\n\t\t\t\t<\/div><div  class=\"fusion-layout-column fusion_builder_column fusion_builder_column_3_5  fusion-three-fifth fusion-column-last fusion-spacing-no 3_5\"  style='margin-top:0px;margin-bottom:0px;width:60%;width:calc(60% - ( ( 0 ) * 0.6 ) );'>\n\t\t\t\t\t<div class=\"fusion-column-wrapper\" style=\"padding: 0px 0px 0px 0px;background-position:left top;background-repeat:no-repeat;-webkit-background-size:cover;-moz-background-size:cover;-o-background-size:cover;background-size:cover;\"  data-bg-url=\"\">\n\t\t\t\t\t\t<div class=\"fusion-title title fusion-sep-none fusion-title-size-three pnrl-tp-article\" style=\"margin-top:0px;margin-bottom:31px;\"><h3 class=\"title-heading-left\">Le Comit\u00e9 r\u00e9gional de tourisme de Provence-Alpes-C\u00f4te d\u2019Azur<\/h3><\/div><div class=\"fusion-text\"><p><a href=\"https:\/\/provence-alpes-cotedazur.com\/\" target=\"_blank\" rel=\"noopener\">provence-alpes-cotedazur.com<\/a><br \/>\n<a href=\"https:\/\/provence-alpes-cotedazur.com\/decouvrir\/espaces-naturels\/\" target=\"_blank\" rel=\"noopener\">provence-alpes-cotedazur.com\/decouvrir\/espaces-naturels<\/a><\/p>\n<\/div><div class=\"fusion-clearfix\"><\/div>\n\n\t\t\t\t\t<\/div>\n\t\t\t\t<\/div><\/div><\/div><div class=\"fusion-fullwidth fullwidth-box nonhundred-percent-fullwidth non-hundred-percent-height-scrolling\"  style='background-color: rgba(255,255,255,0);background-position: center center;background-repeat: no-repeat;padding-top:50px;padding-right:4%;padding-bottom:0px;padding-left:4%;'><div class=\"fusion-builder-row fusion-row \"><div  class=\"fusion-layout-column fusion_builder_column fusion_builder_column_1_3  fusion-one-third fusion-column-first 1_3\"  style='margin-top:0px;margin-bottom:0px;width:33.33%;width:calc(33.33% - ( ( 4% + 4% ) * 0.3333 ) );margin-right: 4%;'>\n\t\t\t\t\t<div class=\"fusion-column-wrapper\" style=\"padding: 0px 0px 0px 0px;background-position:left top;background-repeat:no-repeat;-webkit-background-size:cover;-moz-background-size:cover;-o-background-size:cover;background-size:cover;\"  data-bg-url=\"\">\n\t\t\t\t\t\t<style type='text\/css'>.reading-box-container-1 .element-bottomshadow:before,.reading-box-container-1 .element-bottomshadow:after{opacity:0.7;}<\/style><div class=\"fusion-reading-box-container reading-box-container-1 pnrl-tagline-blanc\" style=\"margin-top:;margin-bottom:84px;\"><div class=\"reading-box reading-box-center element-bottomshadow\" style=\"background-color:#23637c;border-width:0px;border-color:#f6f6f6;border-style:solid;\"><h2>L'ESSENTIEL<br \/>\n\u2014<\/h2><div class=\"reading-box-additional fusion-reading-box-additional\">\n<p>&gt; Les offices de tourisme sont les lieux d\u2019information sur le territoire.<br \/>\n&gt; Le Parc du Luberon travaille avec les acteurs du territoire pour structurer une offre de tourisme durable et porte l\u2019image du Luberon \u00e0 l\u2019\u00e9chelle nationale et internationale. #DestinationLuberon<\/p>\n<\/div><div class=\"fusion-clearfix\"><\/div><\/div><\/div><div class=\"fusion-clearfix\"><\/div>\n\n\t\t\t\t\t<\/div>\n\t\t\t\t<\/div><div  class=\"fusion-layout-column fusion_builder_column fusion_builder_column_1_3  fusion-one-third 1_3\"  style='margin-top:0px;margin-bottom:0px;width:33.33%;width:calc(33.33% - ( ( 4% + 4% ) * 0.3333 ) );margin-right: 4%;'>\n\t\t\t\t\t<div class=\"fusion-column-wrapper\" style=\"padding: 0px 0px 0px 0px;background-position:left top;background-repeat:no-repeat;-webkit-background-size:cover;-moz-background-size:cover;-o-background-size:cover;background-size:cover;\"  data-bg-url=\"\">\n\t\t\t\t\t\t<style type='text\/css'>.reading-box-container-2 .element-bottomshadow:before,.reading-box-container-2 .element-bottomshadow:after{opacity:0.7;}<\/style><div class=\"fusion-reading-box-container reading-box-container-2 pnrl-tagline-bleu\" style=\"margin-top:0px;margin-bottom:84px;\"><div class=\"reading-box reading-box-center element-bottomshadow\" style=\"background-color:#f6f6f6;border-width:0px;border-color:#f6f6f6;border-style:solid;\"><h2>PLUS D'INFOS<br \/>\n\u2014<\/h2><div class=\"reading-box-additional fusion-reading-box-additional\">\n<p>&gt; Le coin librairie : la boutique de la Maison du Parc \u00e0 Apt vous propose de nombreux ouvrages pour mieux conna\u00eetre le Luberon : 04 90 04 42 00.<br \/>\n&gt; Conna\u00eetre <a href=\"https:\/\/www.parcduluberon.fr\/quotidien-a-preserver\/developpement-economique\/tourisme-durable\/\">l\u2019action du Parc pour le tourisme durable<\/a><em>.<br \/>\n<\/em><\/p>\n<\/div><div class=\"fusion-clearfix\"><\/div><\/div><\/div><div class=\"fusion-clearfix\"><\/div>\n\n\t\t\t\t\t<\/div>\n\t\t\t\t<\/div><div  class=\"fusion-layout-column fusion_builder_column fusion_builder_column_1_3  fusion-one-third fusion-column-last 1_3\"  style='margin-top:0px;margin-bottom:0px;width:33.33%;width:calc(33.33% - ( ( 4% + 4% ) * 0.3333 ) );'>\n\t\t\t\t\t<div class=\"fusion-column-wrapper\" style=\"padding: 0px 0px 0px 0px;background-position:left top;background-repeat:no-repeat;-webkit-background-size:cover;-moz-background-size:cover;-o-background-size:cover;background-size:cover;\"  data-bg-url=\"\">\n\t\t\t\t\t\t<style type='text\/css'>.reading-box-container-3 .element-bottomshadow:before,.reading-box-container-3 .element-bottomshadow:after{opacity:0.8;}<\/style><div class=\"fusion-reading-box-container reading-box-container-3 pnrl-tagline-blanc\" style=\"margin-top:0px;margin-bottom:84px;\"><div class=\"reading-box reading-box-center element-bottomshadow\" style=\"background-color:#b09b8e;border-width:0px;border-color:#f6f6f6;border-style:solid;\"><h2>CONTACTEZ-NOUS<br \/>\n\u2014<\/h2><div class=\"reading-box-additional fusion-reading-box-additional\">\n<p style=\"text-align: left;\"><strong>Maison du Parc<\/strong><br \/>\n60, place Jean Jaur\u00e8s &#8211; 84400 Apt<br \/>\n&gt; <a href=\"mailto:accueil@parcduluberon.fr\">envoyer un mail<\/a><br \/>\n&gt; 04 90 04 42 00<\/p>\n<\/div><div class=\"fusion-clearfix\"><\/div><\/div><\/div><div class=\"fusion-clearfix\"><\/div>\n\n\t\t\t\t\t<\/div>\n\t\t\t\t<\/div><\/div><\/div><div class=\"fusion-fullwidth fullwidth-box nonhundred-percent-fullwidth non-hundred-percent-height-scrolling\"  style='background-color: rgba(255,255,255,0);background-position: center center;background-repeat: no-repeat;padding-top:0px;padding-right:0px;padding-bottom:0px;padding-left:0px;'><div class=\"fusion-builder-row fusion-row \"><div  class=\"fusion-layout-column fusion_builder_column fusion_builder_column_1_5  fusion-one-fifth fusion-column-first fusion-spacing-no 1_5\"  style='margin-top:0px;margin-bottom:0px;width:20%;width:calc(20% - ( ( 0 + 0 ) * 0.2 ) );margin-right: 0px;'>\n\t\t\t\t\t<div class=\"fusion-column-wrapper\" style=\"padding: 0px 0px 0px 0px;background-position:left top;background-repeat:no-repeat;-webkit-background-size:cover;-moz-background-size:cover;-o-background-size:cover;background-size:cover;\"  data-bg-url=\"\">\n\t\t\t\t\t\t<div class=\"fusion-clearfix\"><\/div>\n\n\t\t\t\t\t<\/div>\n\t\t\t\t<\/div><div  class=\"fusion-layout-column fusion_builder_column fusion_builder_column_3_5  fusion-three-fifth fusion-spacing-no 3_5\"  style='margin-top:0px;margin-bottom:0px;width:60%;width:calc(60% - ( ( 0 + 0 ) * 0.6 ) );margin-right: 0px;'>\n\t\t\t\t\t<div class=\"fusion-column-wrapper\" style=\"padding: 0px 0px 0px 0px;background-position:left top;background-repeat:no-repeat;-webkit-background-size:cover;-moz-background-size:cover;-o-background-size:cover;background-size:cover;\"  data-bg-url=\"\">\n\t\t\t\t\t\t<div class=\"fusion-text\"><h6 style=\"text-align: center;\">Photo du bandeau : Documentation des offices de tourisme du Luberon (PNRL-St\u00e9phane Legal)<\/h6>\n<\/div><div class=\"fusion-clearfix\"><\/div>\n\n\t\t\t\t\t<\/div>\n\t\t\t\t<\/div><div  class=\"fusion-layout-column fusion_builder_column fusion_builder_column_1_5  fusion-one-fifth fusion-column-last 1_5\"  style='margin-top:0px;margin-bottom:0px;width:20%;width:calc(20% - ( ( 0 + 0 ) * 0.2 ) );'>\n\t\t\t\t\t<div class=\"fusion-column-wrapper\" style=\"padding: 0px 0px 0px 0px;background-position:left top;background-repeat:no-repeat;-webkit-background-size:cover;-moz-background-size:cover;-o-background-size:cover;background-size:cover;\"  data-bg-url=\"\">\n\t\t\t\t\t\t<div class=\"fusion-clearfix\"><\/div>\n\n\t\t\t\t\t<\/div>\n\t\t\t\t<\/div><\/div><\/div><div class=\"fusion-fullwidth fullwidth-box nonhundred-percent-fullwidth non-hundred-percent-height-scrolling\"  style='background-color: rgba(255,255,255,0);background-position: center center;background-repeat: no-repeat;padding-top:0px;padding-right:0px;padding-bottom:0px;padding-left:0px;'><div class=\"fusion-builder-row fusion-row \"><div  class=\"fusion-layout-column fusion_builder_column fusion_builder_column_1_1  fusion-one-full fusion-column-first fusion-column-last 1_1\"  style='margin-top:0px;margin-bottom:0px;'>\n\t\t\t\t\t<div class=\"fusion-column-wrapper\" style=\"padding: 0px 0px 0px 0px;background-position:left top;background-repeat:no-repeat;-webkit-background-size:cover;-moz-background-size:cover;-o-background-size:cover;background-size:cover;\"  data-bg-url=\"\">\n\t\t\t\t\t\t<div class=\"share-box fusion-sharing-box\" style=\"background-color:#edeae7;\"><h4 class=\"tagline\" style=\"color:#333333;\">Vous aimez cet article, partagez-le !<\/h4><div class=\"fusion-social-networks\"><a class=\"fusion-social-network-icon fusion-tooltip fusion-facebook fusion-icon-facebook\" href=\"https:\/\/www.facebook.com\/sharer.php?u=&amp;t=\" target=\"_blank\" style=\"color:#bebdbd;\" data-placement=\"top\" data-title=\"Facebook\" title=\"Facebook\" aria-label=\"Facebook\" data-toggle=\"tooltip\"><\/a><a class=\"fusion-social-network-icon fusion-tooltip fusion-twitter fusion-icon-twitter\" href=\"https:\/\/twitter.com\/share?text=&amp;url=\" target=\"_blank\" rel=\"noopener noreferrer\" style=\"color:#bebdbd;\" data-placement=\"top\" data-title=\"Twitter\" title=\"Twitter\" aria-label=\"Twitter\" data-toggle=\"tooltip\"><\/a><a class=\"fusion-social-network-icon fusion-tooltip fusion-linkedin fusion-icon-linkedin\" href=\"https:\/\/www.linkedin.com\/shareArticle?mini=true&amp;url=&amp;title=&amp;summary=\" target=\"_blank\" rel=\"noopener noreferrer\" style=\"color:#bebdbd;\" data-placement=\"top\" data-title=\"Linkedin\" title=\"Linkedin\" aria-label=\"Linkedin\" data-toggle=\"tooltip\"><\/a><a class=\"fusion-social-network-icon fusion-tooltip fusion-reddit fusion-icon-reddit\" href=\"http:\/\/reddit.com\/submit?url=&amp;title=\" target=\"_blank\" rel=\"noopener noreferrer\" style=\"color:#bebdbd;\" data-placement=\"top\" data-title=\"Reddit\" title=\"Reddit\" aria-label=\"Reddit\" data-toggle=\"tooltip\"><\/a><a class=\"fusion-social-network-icon fusion-tooltip fusion-tumblr fusion-icon-tumblr\" href=\"http:\/\/www.tumblr.com\/share\/link?url=&amp;name=&amp;description=\" target=\"_blank\" rel=\"noopener noreferrer\" style=\"color:#bebdbd;\" data-placement=\"top\" data-title=\"Tumblr\" title=\"Tumblr\" aria-label=\"Tumblr\" data-toggle=\"tooltip\"><\/a><a class=\"fusion-social-network-icon fusion-tooltip fusion-googleplus fusion-icon-googleplus\" onclick=\"javascript:window.open(this.href,&#039;&#039;, &#039;menubar=no,toolbar=no,resizable=yes,scrollbars=yes,height=600,width=600&#039;);return false;\" href=\"https:\/\/plus.google.com\/share?url=\" target=\"_blank\" rel=\"noopener noreferrer\" style=\"color:#bebdbd;\" data-placement=\"top\" data-title=\"Google+\" title=\"Google+\" aria-label=\"Google+\" data-toggle=\"tooltip\"><\/a><a class=\"fusion-social-network-icon fusion-tooltip fusion-pinterest fusion-icon-pinterest\" href=\"http:\/\/pinterest.com\/pin\/create\/button\/?url=&amp;description=&amp;media=\" target=\"_blank\" rel=\"noopener noreferrer\" style=\"color:#bebdbd;\" data-placement=\"top\" data-title=\"Pinterest\" title=\"Pinterest\" aria-label=\"Pinterest\" data-toggle=\"tooltip\"><\/a><a class=\"fusion-social-network-icon fusion-tooltip fusion-vk fusion-icon-vk\" href=\"http:\/\/vkontakte.ru\/share.php?url=&amp;title=&amp;description=\" target=\"_blank\" rel=\"noopener noreferrer\" style=\"color:#bebdbd;\" data-placement=\"top\" data-title=\"Vk\" title=\"Vk\" aria-label=\"Vk\" data-toggle=\"tooltip\"><\/a><a class=\"fusion-social-network-icon fusion-tooltip fusion-mail fusion-icon-mail\" href=\"mailto:?subject=&amp;body=\" target=\"_self\" style=\"color:#bebdbd;\" data-placement=\"top\" data-title=\"Mail\" title=\"Mail\" aria-label=\"Mail\" data-toggle=\"tooltip\"><\/a><\/div><\/div><div class=\"fusion-clearfix\"><\/div>\n\n\t\t\t\t\t<\/div>\n\t\t\t\t<\/div><\/div><\/div><div class=\"fusion-fullwidth fullwidth-box nonhundred-percent-fullwidth non-hundred-percent-height-scrolling\"  style='background-color: rgba(255,255,255,0);background-position: center center;background-repeat: no-repeat;padding-top:10px;padding-right:4%;padding-bottom:0px;padding-left:4%;'><div class=\"fusion-builder-row fusion-row \"><div  class=\"fusion-layout-column fusion_builder_column fusion_builder_column_1_1  fusion-one-full fusion-column-first fusion-column-last 1_1\"  style='margin-top:0px;margin-bottom:0px;'>\n\t\t\t\t\t<div class=\"fusion-column-wrapper\" style=\"padding: 0px 0px 0px 0px;background-position:left top;background-repeat:no-repeat;-webkit-background-size:cover;-moz-background-size:cover;-o-background-size:cover;background-size:cover;\"  data-bg-url=\"\">\n\t\t\t\t\t\t<div class=\"fusion-title title fusion-sep-none fusion-title-size-two\" style=\"margin-top:0px;margin-bottom:15px;\"><h2 class=\"title-heading-left\"><span style=\"color: #23637c; font-size: 22px;\">\u2014 Vous aimerez aussi\u2026<\/span><\/h2><\/div><div class=\"fusion-text\"><div id=\"wp-posts-carousel-1676762658\" class=\"light-theme wp-posts-carousel owl-carousel\"><div class=\"wp-posts-carousel-slide slides-4\"><div class=\"wp-posts-carousel-container\"><div class=\"wp-posts-carousel-image\"><a href=\"https:\/\/www.parcduluberon.fr\/en\/a-territory-into-action\/unesco-labels\/geoparc-du-luberon-en\/about-our-geopark\/\" title=\"Read more About our geopark\"><img decoding=\"async\" alt=\"About our geopark\" style=\"max-width:100%;max-height:100%\" src=\"https:\/\/www.parcduluberon.fr\/wp-content\/uploads\/2017\/04\/BAN_marches_publics_c_pnrl_matthieu_camps-460x295.jpg\"><\/a><\/div><div class=\"wp-posts-carousel-details\"><h3 class=\"wp-posts-carousel-title\"><a href=\"https:\/\/www.parcduluberon.fr\/en\/a-territory-into-action\/unesco-labels\/geoparc-du-luberon-en\/about-our-geopark\/\" title=\"About our geopark\">About our geopark<\/a><\/h3><a href=\"https:\/\/www.parcduluberon.fr\/en\/a-territory-into-action\/unesco-labels\/geoparc-du-luberon-en\/about-our-geopark\/\" title=\"Read more About our geopark\"><div class=\"wp-posts-carousel-desc\"><span class=\"pnrl-separator\"><\/span><br>The Luberon UNESCO Global Geopark is located in the southeast of France, in Provence, close to the towns of Aix-en-Provence and Avignon....<\/div><\/a><p class=\"wp-posts-carousel-buttons\"><p><\/div><\/div><\/div><div class=\"wp-posts-carousel-slide slides-4\"><div class=\"wp-posts-carousel-container\"><div class=\"wp-posts-carousel-image\"><a href=\"https:\/\/www.parcduluberon.fr\/en\/nos-actions\/formation-elus\/formation-elus\/\" title=\"Read more Formations pour les \u00e9lus 2026-2027\"><img decoding=\"async\" alt=\"Formations pour les \u00e9lus 2026-2027\" style=\"max-width:100%;max-height:100%\" src=\"https:\/\/www.parcduluberon.fr\/wp-content\/uploads\/2026\/07\/ban_formation_cours_pnrl_nbouedec-460x295.jpg\"><\/a><\/div><div class=\"wp-posts-carousel-details\"><h3 class=\"wp-posts-carousel-title\"><a href=\"https:\/\/www.parcduluberon.fr\/en\/nos-actions\/formation-elus\/formation-elus\/\" title=\"Formations pour les \u00e9lus 2026-2027\">Formations pour les \u00e9lus 2026-2027<\/a><\/h3><a href=\"https:\/\/www.parcduluberon.fr\/en\/nos-actions\/formation-elus\/formation-elus\/\" title=\"Read more Formations pour les \u00e9lus 2026-2027\"><div class=\"wp-posts-carousel-desc\"><span class=\"pnrl-separator\"><\/span><br>Le Parc du Luberon met en place la formation des \u00e9lus....<\/div><\/a><p class=\"wp-posts-carousel-buttons\"><p><\/div><\/div><\/div><div class=\"wp-posts-carousel-slide slides-4\"><div class=\"wp-posts-carousel-container\"><div class=\"wp-posts-carousel-image\"><a href=\"https:\/\/www.parcduluberon.fr\/en\/non-classifiee\/formation-repenser-cours-decole\/\" title=\"Read more Formation \"Repenser les cours d\u2019\u00e9cole\"\"><img decoding=\"async\" alt=\"Formation \"Repenser les cours d\u2019\u00e9cole\"\" style=\"max-width:100%;max-height:100%\" src=\"https:\/\/www.parcduluberon.fr\/wp-content\/uploads\/2026\/07\/ban2_organisme_formation_pnrl_mnourrisson-460x295.jpg\"><\/a><\/div><div class=\"wp-posts-carousel-details\"><h3 class=\"wp-posts-carousel-title\"><a href=\"https:\/\/www.parcduluberon.fr\/en\/non-classifiee\/formation-repenser-cours-decole\/\" title=\"Formation \"Repenser les cours d\u2019\u00e9cole\"\">Formation \"Repenser les cours d\u2019\u00e9cole\"<\/a><\/h3><a href=\"https:\/\/www.parcduluberon.fr\/en\/non-classifiee\/formation-repenser-cours-decole\/\" title=\"Read more Formation \"Repenser les cours d\u2019\u00e9cole\"\"><div class=\"wp-posts-carousel-desc\"><span class=\"pnrl-separator\"><\/span><br>Programme de la formation &quot;Repenser les cours d&#39;\u00e9cole en Luberon&quot; 25 juin 2026...<\/div><\/a><p class=\"wp-posts-carousel-buttons\"><p><\/div><\/div><\/div><div class=\"wp-posts-carousel-slide slides-4\"><div class=\"wp-posts-carousel-container\"><div class=\"wp-posts-carousel-image\"><a href=\"https:\/\/www.parcduluberon.fr\/en\/nos-actions\/developpement-economique\/agriculture\/le-pastoralisme-en-luberon\/\" title=\"Read more Le pastoralisme en Luberon\"><img decoding=\"async\" alt=\"Le pastoralisme en Luberon\" style=\"max-width:100%;max-height:100%\" src=\"https:\/\/www.parcduluberon.fr\/wp-content\/uploads\/2026\/01\/BAN_pastoralisme_pnrl_lcar-460x295.jpg\"><\/a><\/div><div class=\"wp-posts-carousel-details\"><h3 class=\"wp-posts-carousel-title\"><a href=\"https:\/\/www.parcduluberon.fr\/en\/nos-actions\/developpement-economique\/agriculture\/le-pastoralisme-en-luberon\/\" title=\"Le pastoralisme en Luberon\">Le pastoralisme en Luberon<\/a><\/h3><a href=\"https:\/\/www.parcduluberon.fr\/en\/nos-actions\/developpement-economique\/agriculture\/le-pastoralisme-en-luberon\/\" title=\"Read more Le pastoralisme en Luberon\"><div class=\"wp-posts-carousel-desc\"><span class=\"pnrl-separator\"><\/span><br>Soutenir et valoriser le pastoralisme, activit\u00e9 embl\u00e9matique du Luberon...<\/div><\/a><p class=\"wp-posts-carousel-buttons\"><p><\/div><\/div><\/div><div class=\"wp-posts-carousel-slide slides-4\"><div class=\"wp-posts-carousel-container\"><div class=\"wp-posts-carousel-image\"><a href=\"https:\/\/www.parcduluberon.fr\/en\/nos-actions\/developpement-economique\/agriculture\/pna-alimentation-mediterraneenne\/\" title=\"Read more Projet \"L\u2019alimentation m\u00e9diterran\u00e9enne au c\u0153ur des transitions agro\u00e9cologiques\"\"><img decoding=\"async\" alt=\"Projet \"L\u2019alimentation m\u00e9diterran\u00e9enne au c\u0153ur des transitions agro\u00e9cologiques\"\" style=\"max-width:100%;max-height:100%\" src=\"https:\/\/www.parcduluberon.fr\/wp-content\/uploads\/2025\/01\/BAN_marche_pnrI_mona_espanel-460x295.jpg\"><\/a><\/div><div class=\"wp-posts-carousel-details\"><h3 class=\"wp-posts-carousel-title\"><a href=\"https:\/\/www.parcduluberon.fr\/en\/nos-actions\/developpement-economique\/agriculture\/pna-alimentation-mediterraneenne\/\" title=\"Projet \"L\u2019alimentation m\u00e9diterran\u00e9enne au c\u0153ur des transitions agro\u00e9cologiques\"\">Projet \"L\u2019alimentation m\u00e9diterran\u00e9enne au c\u0153ur des transitions agro\u00e9cologiques\"<\/a><\/h3><a href=\"https:\/\/www.parcduluberon.fr\/en\/nos-actions\/developpement-economique\/agriculture\/pna-alimentation-mediterraneenne\/\" title=\"Read more Projet \"L\u2019alimentation m\u00e9diterran\u00e9enne au c\u0153ur des transitions agro\u00e9cologiques\"\"><div class=\"wp-posts-carousel-desc\"><span class=\"pnrl-separator\"><\/span><br>T\u00e9l\u00e9chargements de la journ\u00e9e de restitution du projet \u00ab L\u2019alimentation m\u00e9diterran\u00e9enne au c\u0153ur des transitions agro\u00e9cologiques \u00bb le 9 septembre 2025...<\/div><\/a><p class=\"wp-posts-carousel-buttons\"><p><\/div><\/div><\/div><div class=\"wp-posts-carousel-slide slides-4\"><div class=\"wp-posts-carousel-container\"><div class=\"wp-posts-carousel-image\"><a href=\"https:\/\/www.parcduluberon.fr\/en\/a-territory-into-action\/geologic-nature-reserve-en\/national-geologic-reserve-of-luberon\/\" title=\"Read more National Geologic Reserve of Luberon\"><img decoding=\"async\" alt=\"National Geologic Reserve of Luberon\" style=\"max-width:100%;max-height:100%\" src=\"https:\/\/www.parcduluberon.fr\/wp-content\/uploads\/2019\/05\/bandeau_rng_luberon-460x295.jpg\"><\/a><\/div><div class=\"wp-posts-carousel-details\"><h3 class=\"wp-posts-carousel-title\"><a href=\"https:\/\/www.parcduluberon.fr\/en\/a-territory-into-action\/geologic-nature-reserve-en\/national-geologic-reserve-of-luberon\/\" title=\"National Geologic Reserve of Luberon\">National Geologic Reserve of Luberon<\/a><\/h3><a href=\"https:\/\/www.parcduluberon.fr\/en\/a-territory-into-action\/geologic-nature-reserve-en\/national-geologic-reserve-of-luberon\/\" title=\"Read more National Geologic Reserve of Luberon\"><div class=\"wp-posts-carousel-desc\"><span class=\"pnrl-separator\"><\/span><br>The Luberon Nature Reserve territory is internationally recognized as an area of significant importance for paleontology since the nineteenth century....<\/div><\/a><p class=\"wp-posts-carousel-buttons\"><p><\/div><\/div><\/div><div class=\"wp-posts-carousel-slide slides-4\"><div class=\"wp-posts-carousel-container\"><div class=\"wp-posts-carousel-image\"><a href=\"https:\/\/www.parcduluberon.fr\/en\/le-parc\/institution\/dotation-amenites-rurales-luberon\/\" title=\"Read more Dotation am\u00e9nit\u00e9s rurales pour le Luberon\"><img decoding=\"async\" alt=\"Dotation am\u00e9nit\u00e9s rurales pour le Luberon\" style=\"max-width:100%;max-height:100%\" src=\"https:\/\/www.parcduluberon.fr\/wp-content\/uploads\/2024\/08\/cretes_2021_c_pnrl_francoise_boulet-460x295.jpg\"><\/a><\/div><div class=\"wp-posts-carousel-details\"><h3 class=\"wp-posts-carousel-title\"><a href=\"https:\/\/www.parcduluberon.fr\/en\/le-parc\/institution\/dotation-amenites-rurales-luberon\/\" title=\"Dotation am\u00e9nit\u00e9s rurales pour le Luberon\">Dotation am\u00e9nit\u00e9s rurales pour le Luberon<\/a><\/h3><a href=\"https:\/\/www.parcduluberon.fr\/en\/le-parc\/institution\/dotation-amenites-rurales-luberon\/\" title=\"Read more Dotation am\u00e9nit\u00e9s rurales pour le Luberon\"><div class=\"wp-posts-carousel-desc\"><span class=\"pnrl-separator\"><\/span><br>66 communes b\u00e9n\u00e9ficiaires de la dotation am\u00e9nit\u00e9s rurales...<\/div><\/a><p class=\"wp-posts-carousel-buttons\"><p><\/div><\/div><\/div><div class=\"wp-posts-carousel-slide slides-4\"><div class=\"wp-posts-carousel-container\"><div class=\"wp-posts-carousel-image\"><a href=\"https:\/\/www.parcduluberon.fr\/en\/nos-actions\/education-au-territoire\/programme-dactions-educatives\/aires-terrestres-educatives-ate-en-luberon\/\" title=\"Read more Aires Terrestres \u00c9ducatives (ATE) en Luberon\"><img decoding=\"async\" alt=\"Aires Terrestres \u00c9ducatives (ATE) en Luberon\" style=\"max-width:100%;max-height:100%\" src=\"https:\/\/www.parcduluberon.fr\/wp-content\/uploads\/2025\/08\/BAN_InaugurationVirginiereATE-460x295.jpg\"><\/a><\/div><div class=\"wp-posts-carousel-details\"><h3 class=\"wp-posts-carousel-title\"><a href=\"https:\/\/www.parcduluberon.fr\/en\/nos-actions\/education-au-territoire\/programme-dactions-educatives\/aires-terrestres-educatives-ate-en-luberon\/\" title=\"Aires Terrestres \u00c9ducatives (ATE) en Luberon\">Aires Terrestres \u00c9ducatives (ATE) en Luberon<\/a><\/h3><a href=\"https:\/\/www.parcduluberon.fr\/en\/nos-actions\/education-au-territoire\/programme-dactions-educatives\/aires-terrestres-educatives-ate-en-luberon\/\" title=\"Read more Aires Terrestres \u00c9ducatives (ATE) en Luberon\"><div class=\"wp-posts-carousel-desc\"><span class=\"pnrl-separator\"><\/span><br>Zoom sur les ATE (aires terrestres \u00e9ducatives&quot; dans le Parc du Luberon....<\/div><\/a><p class=\"wp-posts-carousel-buttons\"><p><\/div><\/div><\/div><div class=\"wp-posts-carousel-slide slides-4\"><div class=\"wp-posts-carousel-container\"><div class=\"wp-posts-carousel-image\"><a href=\"https:\/\/www.parcduluberon.fr\/en\/nos-actions\/milieux-naturels-et-biodiversite\/gestion-sites-naturels\/ens-pres-poulivets\/\" title=\"Read more ENS \"Les pr\u00e9s des Poulivets\"\"><img decoding=\"async\" alt=\"ENS \"Les pr\u00e9s des Poulivets\"\" style=\"max-width:100%;max-height:100%\" src=\"https:\/\/www.parcduluberon.fr\/wp-content\/uploads\/2026\/06\/BAN_pres_poulivets_pnrl_jbrichard-460x295.jpg\"><\/a><\/div><div class=\"wp-posts-carousel-details\"><h3 class=\"wp-posts-carousel-title\"><a href=\"https:\/\/www.parcduluberon.fr\/en\/nos-actions\/milieux-naturels-et-biodiversite\/gestion-sites-naturels\/ens-pres-poulivets\/\" title=\"ENS \"Les pr\u00e9s des Poulivets\"\">ENS \"Les pr\u00e9s des Poulivets\"<\/a><\/h3><a href=\"https:\/\/www.parcduluberon.fr\/en\/nos-actions\/milieux-naturels-et-biodiversite\/gestion-sites-naturels\/ens-pres-poulivets\/\" title=\"Read more ENS \"Les pr\u00e9s des Poulivets\"\"><div class=\"wp-posts-carousel-desc\"><span class=\"pnrl-separator\"><\/span><br>L\u2019espace naturel sensible (ENS) \u00ab Les zones humides du Calavon aval \u00bb concerne six sites de la rivi\u00e8re Calavon r\u00e9partis \u00e0 l\u2019aval d\u2019Apt, entre le Pont Julien et Coustellet....<\/div><\/a><p class=\"wp-posts-carousel-buttons\"><p><\/div><\/div><\/div><div class=\"wp-posts-carousel-slide slides-4\"><div class=\"wp-posts-carousel-container\"><div class=\"wp-posts-carousel-image\"><a href=\"https:\/\/www.parcduluberon.fr\/en\/prepare-your-stay\/how-to-get-there\/\" title=\"Read more How to get there\"><img decoding=\"async\" alt=\"How to get there\" style=\"max-width:100%;max-height:100%\" src=\"https:\/\/www.parcduluberon.fr\/wp-content\/uploads\/2017\/07\/BAN_R2_geologie_c_david_tatin-460x295.jpg\"><\/a><\/div><div class=\"wp-posts-carousel-details\"><h3 class=\"wp-posts-carousel-title\"><a href=\"https:\/\/www.parcduluberon.fr\/en\/prepare-your-stay\/how-to-get-there\/\" title=\"How to get there\">How to get there<\/a><\/h3><a href=\"https:\/\/www.parcduluberon.fr\/en\/prepare-your-stay\/how-to-get-there\/\" title=\"Read more How to get there\"><div class=\"wp-posts-carousel-desc\"><span class=\"pnrl-separator\"><\/span><br>Situated in southeastern France, the Luberon UNESCO Global Geopark is located in Provence, close to the towns of Aix-en-Provence and Avignon. The Geopark is easily accesible....<\/div><\/a><p class=\"wp-posts-carousel-buttons\"><p><\/div><\/div><\/div><\/div><script type=\"text\/javascript\">\n                    jQuery(window).load(function(e) {\n                        var wpPostsCarousel1676762658 = jQuery(\"#wp-posts-carousel-1676762658\");\n                        wpPostsCarousel1676762658.owlCarousel({\n                            loop: true,\n                            nav: true,\n                            navSpeed: 800,\n                            dots: false,\n                            dotsSpeed: 800,\n                            lazyLoad: false,\n                            autoplay: false,\n                            autoplayHoverPause: true,\n                            autoplayTimeout: 1200,\n                            autoplaySpeed:  800,\n                            margin: 5,\n                            stagePadding: 0,\n                            freeDrag: false,\n                            mouseDrag: true,\n                            touchDrag: true,\n                            slideBy: 1,\n                            fallbackEasing: \"linear\",\n                            responsiveClass: true,\n                            navText: [ \" Actualit\u00e9 pr\u00e9c\u00e9dente \", \" Actualit\u00e9 suivante \" ],\n                            responsive:{\n                                0:{items: 1},\n                                600:{items: 2},\n                                1000:{items: 4}\n                                \n                            },\n                            autoHeight: true\n                        });\n                        wpPostsCarousel1676762658.on(\"mousewheel\", \".owl-stage\", function(e) {\n                if (e.deltaY > 0) {\n                    wpPostsCarousel1676762658.trigger(\"next.owl\");\n                } else {\n                    wpPostsCarousel1676762658.trigger(\"prev.owl\");\n                }\n                e.preventDefault();\n            });\n                    });\n                <\/script>\n<\/div><div class=\"fusion-clearfix\"><\/div>\n\n\t\t\t\t\t<\/div>\n\t\t\t\t<\/div><\/div><\/div><\/p>\n","protected":false},"excerpt":{"rendered":"<p>Pr\u00e9parer votre s\u00e9jour avec les offices de tourisme du Luberon.<\/p>\n","protected":false},"author":6,"featured_media":7544,"comment_status":"open","ping_status":"open","sticky":false,"template":"","format":"standard","meta":{"_acf_changed":false,"_seopress_titles_title":"","_seopress_titles_desc":"Pour toute information touristique et pour pr\u00e9parer votre s\u00e9jour, contactez les offices de tourisme du Luberon et les agences d\u00e9partementales des Alpes de Haute-Provence et de Vaucluse.","_seopress_robots_index":"","_seopress_robots_follow":"","_seopress_robots_imageindex":"","_seopress_robots_snippet":"","_seopress_robots_primary_cat":"160","_seopress_robots_breadcrumbs":"","_seopress_robots_freeze_modified_date":"","_seopress_robots_custom_modified_date":"","_seopress_robots_canonical":"","_seopress_social_fb_title":"","_seopress_social_fb_desc":"","_seopress_social_fb_img":"","_seopress_social_fb_img_attachment_id":0,"_seopress_social_fb_img_width":0,"_seopress_social_fb_img_height":0,"_seopress_social_twitter_title":"","_seopress_social_twitter_desc":"","_seopress_social_twitter_img":"","_seopress_social_twitter_img_attachment_id":0,"_seopress_social_twitter_img_width":0,"_seopress_social_twitter_img_height":0,"_seopress_redirections_value":"","_seopress_redirections_enabled":"","_seopress_redirections_enabled_regex":"","_seopress_redirections_logged_status":"","_seopress_redirections_param":"","_seopress_redirections_type":0,"_seopress_analysis_target_kw":"s\u00e9jour luberon","_bbp_topic_count":0,"_bbp_reply_count":0,"_bbp_total_topic_count":0,"_bbp_total_reply_count":0,"_bbp_voice_count":0,"_bbp_anonymous_reply_count":0,"_bbp_topic_count_hidden":0,"_bbp_reply_count_hidden":0,"_bbp_forum_subforum_count":0,"footnotes":""},"categories":[160],"tags":[231,220,207],"class_list":["post-879","post","type-post","status-publish","format-standard","has-post-thumbnail","hentry","category-preparer-votre-sejour","tag-connaitre","tag-decouverte","tag-tourisme"],"acf":[],"_links":{"self":[{"href":"https:\/\/www.parcduluberon.fr\/en\/wp-json\/wp\/v2\/posts\/879","targetHints":{"allow":["GET"]}}],"collection":[{"href":"https:\/\/www.parcduluberon.fr\/en\/wp-json\/wp\/v2\/posts"}],"about":[{"href":"https:\/\/www.parcduluberon.fr\/en\/wp-json\/wp\/v2\/types\/post"}],"author":[{"embeddable":true,"href":"https:\/\/www.parcduluberon.fr\/en\/wp-json\/wp\/v2\/users\/6"}],"replies":[{"embeddable":true,"href":"https:\/\/www.parcduluberon.fr\/en\/wp-json\/wp\/v2\/comments?post=879"}],"version-history":[{"count":44,"href":"https:\/\/www.parcduluberon.fr\/en\/wp-json\/wp\/v2\/posts\/879\/revisions"}],"predecessor-version":[{"id":2681857,"href":"https:\/\/www.parcduluberon.fr\/en\/wp-json\/wp\/v2\/posts\/879\/revisions\/2681857"}],"wp:featuredmedia":[{"embeddable":true,"href":"https:\/\/www.parcduluberon.fr\/en\/wp-json\/wp\/v2\/media\/7544"}],"wp:attachment":[{"href":"https:\/\/www.parcduluberon.fr\/en\/wp-json\/wp\/v2\/media?parent=879"}],"wp:term":[{"taxonomy":"category","embeddable":true,"href":"https:\/\/www.parcduluberon.fr\/en\/wp-json\/wp\/v2\/categories?post=879"},{"taxonomy":"post_tag","embeddable":true,"href":"https:\/\/www.parcduluberon.fr\/en\/wp-json\/wp\/v2\/tags?post=879"}],"curies":[{"name":"wp","href":"https:\/\/api.w.org\/{rel}","templated":true}]}}