{"id":3458322,"date":"2026-01-30T12:15:14","date_gmt":"2026-01-30T11:15:14","guid":{"rendered":"https:\/\/www.parcduluberon.fr\/?p=3458322"},"modified":"2026-01-30T12:20:55","modified_gmt":"2026-01-30T11:20:55","slug":"geoparcs-toutes-lettres","status":"publish","type":"post","link":"https:\/\/www.parcduluberon.fr\/en\/le-parc\/geoparc-du-luberon\/geoparcs-toutes-lettres\/","title":{"rendered":"G\u00e9oparcs en toutes lettres"},"content":{"rendered":"<p><div class=\"fusion-fullwidth fullwidth-box introduction nonhundred-percent-fullwidth non-hundred-percent-height-scrolling\"  style='background-color: rgba(255,255,255,0);background-position: center center;background-repeat: no-repeat;padding-top:0px;padding-right:0px;padding-bottom:10px;padding-left:0px;'><div class=\"fusion-builder-row fusion-row \"><div  class=\"fusion-layout-column fusion_builder_column fusion_builder_column_1_5  fusion-one-fifth fusion-column-first fusion-spacing-no 1_5\"  style='margin-top:0px;margin-bottom:0px;width:20%;width:calc(20% - ( ( 0 + 0 ) * 0.2 ) );margin-right: 0px;'>\n\t\t\t\t\t<div class=\"fusion-column-wrapper\" style=\"padding: 20px 10% 0px 10%;background-position:left top;background-repeat:no-repeat;-webkit-background-size:cover;-moz-background-size:cover;-o-background-size:cover;background-size:cover;\"  data-bg-url=\"\">\n\t\t\t\t\t\t<div class=\"fusion-widget-area fusion-widget-area-1 fusion-content-widget-area\"><style type=\"text\/css\" scoped=\"scoped\">.fusion-widget-area-1 {padding:0px 0px 0px 0px;}.fusion-widget-area-1 .widget h4 {color:#23637c;}.fusion-widget-area-1 .widget .heading h4 {color:#23637c;}.fusion-widget-area-1 .widget h4 {font-size:18px;}.fusion-widget-area-1 .widget .heading h4 {font-size:18px;}<\/style><div id=\"execphp-2\" class=\"widget widget_execphp\">\t\t\t<div class=\"execphpwidget\"><h6><strong>Mots clefs<\/strong><\/h6><li class=\"fa fa-tag\"> <a href=\"https:\/\/www.parcduluberon.fr\/en\/tag\/education\/\" rel=\"tag\">Education<\/a><li class=\"fa fa-tag\"> <a href=\"https:\/\/www.parcduluberon.fr\/en\/tag\/geologie\/\" rel=\"tag\">G\u00e9ologie<\/a><li class=\"fa fa-tag\"> <a href=\"https:\/\/www.parcduluberon.fr\/en\/tag\/reseaux\/\" rel=\"tag\">R\u00e9seaux<\/a><\/li><\/div>\n\t\t<\/div><div class=\"fusion-additional-widget-content\"><\/div><\/div><div class=\"fusion-clearfix\"><\/div>\n\n\t\t\t\t\t<\/div>\n\t\t\t\t<\/div><div  class=\"fusion-layout-column fusion_builder_column fusion_builder_column_3_5  fusion-three-fifth fusion-spacing-no 3_5\"  style='margin-top:0px;margin-bottom:0px;width:60%;width:calc(60% - ( ( 0 + 0 ) * 0.6 ) );margin-right: 0px;'>\n\t\t\t\t\t<div class=\"fusion-column-wrapper\" style=\"padding: 0px 0px 0px 0px;background-position:left top;background-repeat:no-repeat;-webkit-background-size:cover;-moz-background-size:cover;-o-background-size:cover;background-size:cover;\"  data-bg-url=\"\">\n\t\t\t\t\t\t<div class=\"fusion-text\"><p>&#8220;G\u00e9oparc en toutes lettres&#8221; est un projet pilote de correspondance scolaire r\u00e9unissant 6 classes d\u2019\u00e9coles primaires situ\u00e9es dans des G\u00e9oparcs mondiaux Unesco et candidats. C&#8217;est ainsi qu&#8217;une classe de CM1 de l&#8217;\u00e9cole de Cadenet (dans le G\u00e9oparc mondial Unesco du Luberon) correspond avec une classe de Livernon (dans le G\u00e9oparc mondial Unesco des Causses du Quercy).<br \/>\nParticipent \u00e9galement : le G\u00e9oparc mondial Unesco des Bauges,\u00a0le G\u00e9oparc Mondial Unesco Normandie-Maine, le G\u00e9oparc candidat de la Hague et le G\u00e9oparc candidat Cross-Channel Transmanche.<\/p>\n<\/div><div class=\"fusion-clearfix\"><\/div>\n\n\t\t\t\t\t<\/div>\n\t\t\t\t<\/div><div  class=\"fusion-layout-column fusion_builder_column fusion_builder_column_1_5  fusion-one-fifth fusion-column-last fusion-spacing-no 1_5\"  style='margin-top:0px;margin-bottom:0px;width:20%;width:calc(20% - ( ( 0 + 0 ) * 0.2 ) );'>\n\t\t\t\t\t<div class=\"fusion-column-wrapper\" style=\"padding: 0px 20px 0px 20px;background-position:left top;background-repeat:no-repeat;-webkit-background-size:cover;-moz-background-size:cover;-o-background-size:cover;background-size:cover;\"  data-bg-url=\"\">\n\t\t\t\t\t\t<div class=\"fusion-clearfix\"><\/div>\n\n\t\t\t\t\t<\/div>\n\t\t\t\t<\/div><\/div><\/div><div class=\"fusion-fullwidth fullwidth-box introduction nonhundred-percent-fullwidth non-hundred-percent-height-scrolling\"  style='background-color: rgba(255,255,255,0);background-position: center center;background-repeat: no-repeat;padding-top:0px;padding-right:0px;padding-bottom:0px;padding-left:0px;'><div class=\"fusion-builder-row fusion-row \"><div  class=\"fusion-layout-column fusion_builder_column fusion_builder_column_1_5  fusion-one-fifth fusion-column-first fusion-spacing-no 1_5\"  style='margin-top:0px;margin-bottom:0px;width:20%;width:calc(20% - ( ( 0 ) * 0.2 ) );margin-right: 0px;'>\n\t\t\t\t\t<div class=\"fusion-column-wrapper\" style=\"padding: 0px 0px 0px 0px;background-position:left top;background-repeat:no-repeat;-webkit-background-size:cover;-moz-background-size:cover;-o-background-size:cover;background-size:cover;\"  data-bg-url=\"\">\n\t\t\t\t\t\t<div class=\"fusion-clearfix\"><\/div>\n\n\t\t\t\t\t<\/div>\n\t\t\t\t<\/div><div  class=\"fusion-layout-column fusion_builder_column fusion_builder_column_3_5  fusion-three-fifth fusion-column-last fusion-spacing-no 3_5\"  style='margin-top:0px;margin-bottom:0px;width:60%;width:calc(60% - ( ( 0 ) * 0.6 ) );'>\n\t\t\t\t\t<div class=\"fusion-column-wrapper\" style=\"padding: 0px 0px 0px 0px;background-position:left top;background-repeat:no-repeat;-webkit-background-size:cover;-moz-background-size:cover;-o-background-size:cover;background-size:cover;\"  data-bg-url=\"\">\n\t\t\t\t\t\t<span class=\"fusion-imageframe imageframe-none imageframe-1 hover-type-none\"><img loading=\"lazy\" decoding=\"async\" src=\"https:\/\/www.parcduluberon.fr\/wp-content\/uploads\/2026\/01\/geoparc_atelier_cadenet.jpg\" width=\"720\" height=\"405\" alt=\"Un atelier scolaire pour le projet &quot;G\u00e9oparcs en toutes lettres&quot; (photo \u00e9cole de Cadenet)\" title=\"Un atelier scolaire pour le projet &#8220;G\u00e9oparcs en toutes lettres&#8221;\" class=\"img-responsive wp-image-3458326\" srcset=\"https:\/\/www.parcduluberon.fr\/wp-content\/uploads\/2026\/01\/geoparc_atelier_cadenet-200x113.jpg 200w, https:\/\/www.parcduluberon.fr\/wp-content\/uploads\/2026\/01\/geoparc_atelier_cadenet-400x225.jpg 400w, https:\/\/www.parcduluberon.fr\/wp-content\/uploads\/2026\/01\/geoparc_atelier_cadenet-600x338.jpg 600w, https:\/\/www.parcduluberon.fr\/wp-content\/uploads\/2026\/01\/geoparc_atelier_cadenet.jpg 720w\" sizes=\"auto, (max-width: 800px) 100vw, 720px\" \/><\/span><div class=\"pnrl-imageframe-container\">Un atelier scolaire pour le projet &#8220;G\u00e9oparcs en toutes lettres&#8221;<br><span class=\"pnrl-imageframe-span\">(photo \u00e9cole de Cadenet)<\/span><\/div><div class=\"fusion-clearfix\"><\/div>\n\n\t\t\t\t\t<\/div>\n\t\t\t\t<\/div><\/div><\/div><div class=\"fusion-fullwidth fullwidth-box nonhundred-percent-fullwidth non-hundred-percent-height-scrolling\"  style='background-color: rgba(255,255,255,0);background-position: center center;background-repeat: no-repeat;padding-top:30px;padding-right:0px;padding-bottom:0px;padding-left:0px;'><div class=\"fusion-builder-row fusion-row \"><div  class=\"fusion-layout-column fusion_builder_column fusion_builder_column_1_5  fusion-one-fifth fusion-column-first fusion-spacing-no 1_5\"  style='margin-top:0px;margin-bottom:0px;width:20%;width:calc(20% - ( ( 0 ) * 0.2 ) );margin-right: 0px;'>\n\t\t\t\t\t<div class=\"fusion-column-wrapper\" style=\"padding: 0px 0px 0px 0px;background-position:left top;background-repeat:no-repeat;-webkit-background-size:cover;-moz-background-size:cover;-o-background-size:cover;background-size:cover;\"  data-bg-url=\"\">\n\t\t\t\t\t\t<div class=\"fusion-clearfix\"><\/div>\n\n\t\t\t\t\t<\/div>\n\t\t\t\t<\/div><div  class=\"fusion-layout-column fusion_builder_column fusion_builder_column_3_5  fusion-three-fifth fusion-column-last fusion-spacing-no 3_5\"  style='margin-top:0px;margin-bottom:0px;width:60%;width:calc(60% - ( ( 0 ) * 0.6 ) );'>\n\t\t\t\t\t<div class=\"fusion-column-wrapper\" style=\"padding: 0px 0px 0px 0px;background-position:left top;background-repeat:no-repeat;-webkit-background-size:cover;-moz-background-size:cover;-o-background-size:cover;background-size:cover;\"  data-bg-url=\"\">\n\t\t\t\t\t\t<div class=\"fusion-title title fusion-sep-none fusion-title-size-three pnrl-tp-article\" style=\"margin-top:0px;margin-bottom:31px;\"><h3 class=\"title-heading-left\">Quand les \u00e9l\u00e8ves racontent leur territoire&#8230;<\/h3><\/div><div class=\"fusion-text\"><p>\u00c0 l\u2019heure du num\u00e9rique, le projet &#8220;G\u00e9oparcs en toutes lettres&#8221; redonne vie \u00e0 l\u2019art de la correspondance et tisse un pont entre les \u00e9l\u00e8ves de diff\u00e9rents G\u00e9oparcs fran\u00e7ais. \u00c0 travers \u00e9changes postaux, ateliers et cr\u00e9ation artistique, les enfants explorent la richesse g\u00e9ologique, culturelle et naturelle de leur territoire\u2026 et ceux de leurs correspondants !<\/p>\n<p>Chaque classe s\u2019approprie son territoire, d\u00e9couvre son patrimoine g\u00e9ologique, historique et naturel, puis \u00e9change ses d\u00e9couvertes avec sa classe jumel\u00e9e \u00e0 travers une s\u00e9rie de cinq correspondances. \u00c0 l\u2019issue du projet, chaque classe r\u00e9alisera une carte postale illustrant son territoire, par la suite r\u00e9unie dans une collection commune diffus\u00e9e dans l\u2019ensemble des territoires partenaires.<\/p>\n<\/div><div class=\"fusion-clearfix\"><\/div>\n\n\t\t\t\t\t<\/div>\n\t\t\t\t<\/div><\/div><\/div><div class=\"fusion-fullwidth fullwidth-box nonhundred-percent-fullwidth non-hundred-percent-height-scrolling\"  style='background-color: rgba(255,255,255,0);background-position: center center;background-repeat: no-repeat;padding-top:30px;padding-right:0px;padding-bottom:0px;padding-left:0px;'><div class=\"fusion-builder-row fusion-row \"><div  class=\"fusion-layout-column fusion_builder_column fusion_builder_column_1_5  fusion-one-fifth fusion-column-first fusion-spacing-no 1_5\"  style='margin-top:0px;margin-bottom:0px;width:20%;width:calc(20% - ( ( 0 ) * 0.2 ) );margin-right: 0px;'>\n\t\t\t\t\t<div class=\"fusion-column-wrapper\" style=\"padding: 0px 0px 0px 0px;background-position:left top;background-repeat:no-repeat;-webkit-background-size:cover;-moz-background-size:cover;-o-background-size:cover;background-size:cover;\"  data-bg-url=\"\">\n\t\t\t\t\t\t<div class=\"fusion-clearfix\"><\/div>\n\n\t\t\t\t\t<\/div>\n\t\t\t\t<\/div><div  class=\"fusion-layout-column fusion_builder_column fusion_builder_column_3_5  fusion-three-fifth fusion-column-last fusion-spacing-no 3_5\"  style='margin-top:0px;margin-bottom:0px;width:60%;width:calc(60% - ( ( 0 ) * 0.6 ) );'>\n\t\t\t\t\t<div class=\"fusion-column-wrapper\" style=\"padding: 0px 0px 0px 0px;background-position:left top;background-repeat:no-repeat;-webkit-background-size:cover;-moz-background-size:cover;-o-background-size:cover;background-size:cover;\"  data-bg-url=\"\">\n\t\t\t\t\t\t<div class=\"fusion-title title fusion-sep-none fusion-title-size-three pnrl-tp-article\" style=\"margin-top:0px;margin-bottom:31px;\"><h3 class=\"title-heading-left\">Un projet pilote \u00e0 port\u00e9e nationale<\/h3><\/div><div class=\"fusion-text\"><p>L\u2019ambition du projet est double : d\u00e9couvrir son territoire et s\u2019ouvrir aux autres en s\u2019appuyant sur la dynamique des G\u00e9oparcs mondiaux Unesco. Ce dispositif a par ailleurs vocation \u00e0 \u00eatre p\u00e9rennis\u00e9 et int\u00e9gr\u00e9 \u00e0 l\u2019offre \u00e9ducative des G\u00e9oparcs fran\u00e7ais\u2026 et peut-\u00eatre un jour europ\u00e9ens, voire mondiaux ?<\/p>\n<\/div><div class=\"fusion-clearfix\"><\/div>\n\n\t\t\t\t\t<\/div>\n\t\t\t\t<\/div><\/div><\/div><div class=\"fusion-fullwidth fullwidth-box nonhundred-percent-fullwidth non-hundred-percent-height-scrolling\"  style='background-color: rgba(255,255,255,0);background-position: center center;background-repeat: no-repeat;padding-top:30px;padding-right:0px;padding-bottom:0px;padding-left:0px;'><div class=\"fusion-builder-row fusion-row \"><div  class=\"fusion-layout-column fusion_builder_column fusion_builder_column_1_5  fusion-one-fifth fusion-column-first fusion-spacing-no 1_5\"  style='margin-top:0px;margin-bottom:0px;width:20%;width:calc(20% - ( ( 0 + 0 ) * 0.2 ) );margin-right: 0px;'>\n\t\t\t\t\t<div class=\"fusion-column-wrapper\" style=\"padding: 0px 0px 0px 0px;background-position:left top;background-repeat:no-repeat;-webkit-background-size:cover;-moz-background-size:cover;-o-background-size:cover;background-size:cover;\"  data-bg-url=\"\">\n\t\t\t\t\t\t<div class=\"fusion-clearfix\"><\/div>\n\n\t\t\t\t\t<\/div>\n\t\t\t\t<\/div><div  class=\"fusion-layout-column fusion_builder_column fusion_builder_column_3_5  fusion-three-fifth fusion-blend-mode fusion-spacing-no 3_5\"  style='margin-top:0px;margin-bottom:0px;width:60%;width:calc(60% - ( ( 0 + 0 ) * 0.6 ) );margin-right: 0px;'>\n\t\t\t\t\t<div class=\"fusion-column-wrapper\" style=\"background-color:rgba(35,99,120,0.12);padding: 20px 4% 20px 4%;background-position:left top;background-repeat:no-repeat;-webkit-background-size:cover;-moz-background-size:cover;-o-background-size:cover;background-size:cover;\"  data-bg-url=\"\">\n\t\t\t\t\t\t<div class=\"fusion-title title fusion-sep-none fusion-title-size-four pnrl-tp-article\" style=\"margin-top:0px;margin-bottom:10px;\"><h4 class=\"title-heading-left\">\u2014 L\u2019\u00e9cole de Cadenet, premi\u00e8re \u00e0 exp\u00e9rimenter le projet pour le G\u00e9oparc du Luberon<\/h4><\/div><div class=\"fusion-text\"><p>Cette ann\u00e9e, les \u00e9l\u00e8ves de CM1 de l\u2019\u00e9cole de Cadenet ont inaugur\u00e9 le projet dans le G\u00e9oparc mondial Unesco du Luberon. Des ateliers sont programm\u00e9s toute l&#8217;ann\u00e9e avec un intervenant du Parc, pour d\u00e9couvrir l\u2019histoire g\u00e9ologique du territoire et observer les roches et fossiles qui fa\u00e7onnent les paysages.<\/p>\n<p>Leur classe jumel\u00e9e du G\u00e9oparc des Causses du Quercy correspond avec eux pour mieux comprendre les similitudes et diff\u00e9rences de ces territoires et partager leurs ressentis.<\/p>\n<\/div><div class=\"fusion-sep-clear\"><\/div><div class=\"fusion-separator fusion-full-width-sep sep-none\" style=\"margin-left: auto;margin-right: auto;margin-top:0px;margin-bottom:0px;\"><\/div><ul class=\"fusion-checklist fusion-checklist-1\" style=\"font-size:13px;line-height:22.1px;\"><li class=\"fusion-li-item\"><span style=\"background-color:#607d8b;font-size:11.44px;height:22.1px;width:22.1px;margin-right:9.1px;\" class=\"icon-wrapper circle-yes\"><i class=\"fusion-li-icon fa fa-arrow-right\" style=\"color:#ffffff;\"><\/i><\/span><div class=\"fusion-li-item-content\" style=\"margin-left:31.2px;\">\n<p><a href=\"https:\/\/www.parc-causses-du-quercy.fr\/actualites\/geoparc-en-toutes-lettres\/\" target=\"_blank\" rel=\"noopener\">Voir l&#8217;article de G\u00e9oparc des Causses du Quercy<\/a><\/p>\n<\/div><\/li><\/ul><div class=\"fusion-clearfix\"><\/div>\n\n\t\t\t\t\t<\/div>\n\t\t\t\t<\/div><div  class=\"fusion-layout-column fusion_builder_column fusion_builder_column_1_5  fusion-one-fifth fusion-column-last fusion-spacing-no 1_5\"  style='margin-top:0px;margin-bottom:0px;width:20%;width:calc(20% - ( ( 0 + 0 ) * 0.2 ) );'>\n\t\t\t\t\t<div class=\"fusion-column-wrapper\" style=\"padding: 0px 0px 0px 0px;background-position:left top;background-repeat:no-repeat;-webkit-background-size:cover;-moz-background-size:cover;-o-background-size:cover;background-size:cover;\"  data-bg-url=\"\">\n\t\t\t\t\t\t<div class=\"fusion-clearfix\"><\/div>\n\n\t\t\t\t\t<\/div>\n\t\t\t\t<\/div><\/div><\/div><div class=\"fusion-fullwidth fullwidth-box nonhundred-percent-fullwidth non-hundred-percent-height-scrolling\"  style='background-color: rgba(255,255,255,0);background-position: center center;background-repeat: no-repeat;padding-top:0px;padding-right:0px;padding-bottom:0px;padding-left:0px;'><div class=\"fusion-builder-row fusion-row \"><div  class=\"fusion-layout-column fusion_builder_column fusion_builder_column_1_5  fusion-one-fifth fusion-column-first fusion-spacing-no 1_5\"  style='margin-top:0px;margin-bottom:0px;width:20%;width:calc(20% - ( ( 0 + 0 ) * 0.2 ) );margin-right: 0px;'>\n\t\t\t\t\t<div class=\"fusion-column-wrapper\" style=\"padding: 0px 0px 0px 0px;background-position:left top;background-repeat:no-repeat;-webkit-background-size:cover;-moz-background-size:cover;-o-background-size:cover;background-size:cover;\"  data-bg-url=\"\">\n\t\t\t\t\t\t<div class=\"fusion-clearfix\"><\/div>\n\n\t\t\t\t\t<\/div>\n\t\t\t\t<\/div><div  class=\"fusion-layout-column fusion_builder_column fusion_builder_column_3_5  fusion-three-fifth fusion-spacing-no 3_5\"  style='margin-top:0px;margin-bottom:0px;width:60%;width:calc(60% - ( ( 0 + 0 ) * 0.6 ) );margin-right: 0px;'>\n\t\t\t\t\t<div class=\"fusion-column-wrapper\" style=\"padding: 0px 0px 0px 0px;background-position:left top;background-repeat:no-repeat;-webkit-background-size:cover;-moz-background-size:cover;-o-background-size:cover;background-size:cover;\"  data-bg-url=\"\">\n\t\t\t\t\t\t<div class=\"fusion-text\"><h6 style=\"text-align: center;\">Photo du bandeau : Banc d&#8217;hu\u00eetres au ch\u00e2teau de Cadenet (PNRL-St\u00e9phane Legal)<\/h6>\n<\/div><div class=\"fusion-clearfix\"><\/div>\n\n\t\t\t\t\t<\/div>\n\t\t\t\t<\/div><div  class=\"fusion-layout-column fusion_builder_column fusion_builder_column_1_5  fusion-one-fifth fusion-column-last 1_5\"  style='margin-top:0px;margin-bottom:0px;width:20%;width:calc(20% - ( ( 0 + 0 ) * 0.2 ) );'>\n\t\t\t\t\t<div class=\"fusion-column-wrapper\" style=\"padding: 0px 0px 0px 0px;background-position:left top;background-repeat:no-repeat;-webkit-background-size:cover;-moz-background-size:cover;-o-background-size:cover;background-size:cover;\"  data-bg-url=\"\">\n\t\t\t\t\t\t<div class=\"fusion-clearfix\"><\/div>\n\n\t\t\t\t\t<\/div>\n\t\t\t\t<\/div><\/div><\/div><div class=\"fusion-fullwidth fullwidth-box nonhundred-percent-fullwidth non-hundred-percent-height-scrolling\"  style='background-color: rgba(255,255,255,0);background-position: center center;background-repeat: no-repeat;padding-top:0px;padding-right:0px;padding-bottom:0px;padding-left:0px;'><div class=\"fusion-builder-row fusion-row \"><div  class=\"fusion-layout-column fusion_builder_column fusion_builder_column_1_1  fusion-one-full fusion-column-first fusion-column-last 1_1\"  style='margin-top:0px;margin-bottom:0px;'>\n\t\t\t\t\t<div class=\"fusion-column-wrapper\" style=\"padding: 0px 0px 0px 0px;background-position:left top;background-repeat:no-repeat;-webkit-background-size:cover;-moz-background-size:cover;-o-background-size:cover;background-size:cover;\"  data-bg-url=\"\">\n\t\t\t\t\t\t<div class=\"share-box fusion-sharing-box\" style=\"background-color:#edeae7;\"><h4 class=\"tagline\" style=\"color:#333333;\">Vous aimez cet article, partagez-le !<\/h4><div class=\"fusion-social-networks\"><a class=\"fusion-social-network-icon fusion-tooltip fusion-facebook fusion-icon-facebook\" href=\"https:\/\/www.facebook.com\/sharer.php?u=&amp;t=\" target=\"_blank\" style=\"color:#bebdbd;\" data-placement=\"top\" data-title=\"Facebook\" title=\"Facebook\" aria-label=\"Facebook\" data-toggle=\"tooltip\"><\/a><a class=\"fusion-social-network-icon fusion-tooltip fusion-twitter fusion-icon-twitter\" href=\"https:\/\/twitter.com\/share?text=&amp;url=\" target=\"_blank\" rel=\"noopener noreferrer\" style=\"color:#bebdbd;\" data-placement=\"top\" data-title=\"Twitter\" title=\"Twitter\" aria-label=\"Twitter\" data-toggle=\"tooltip\"><\/a><a class=\"fusion-social-network-icon fusion-tooltip fusion-linkedin fusion-icon-linkedin\" href=\"https:\/\/www.linkedin.com\/shareArticle?mini=true&amp;url=&amp;title=&amp;summary=\" target=\"_blank\" rel=\"noopener noreferrer\" style=\"color:#bebdbd;\" data-placement=\"top\" data-title=\"Linkedin\" title=\"Linkedin\" aria-label=\"Linkedin\" data-toggle=\"tooltip\"><\/a><a class=\"fusion-social-network-icon fusion-tooltip fusion-reddit fusion-icon-reddit\" href=\"http:\/\/reddit.com\/submit?url=&amp;title=\" target=\"_blank\" rel=\"noopener noreferrer\" style=\"color:#bebdbd;\" data-placement=\"top\" data-title=\"Reddit\" title=\"Reddit\" aria-label=\"Reddit\" data-toggle=\"tooltip\"><\/a><a class=\"fusion-social-network-icon fusion-tooltip fusion-tumblr fusion-icon-tumblr\" href=\"http:\/\/www.tumblr.com\/share\/link?url=&amp;name=&amp;description=\" target=\"_blank\" rel=\"noopener noreferrer\" style=\"color:#bebdbd;\" data-placement=\"top\" data-title=\"Tumblr\" title=\"Tumblr\" aria-label=\"Tumblr\" data-toggle=\"tooltip\"><\/a><a class=\"fusion-social-network-icon fusion-tooltip fusion-googleplus fusion-icon-googleplus\" onclick=\"javascript:window.open(this.href,&#039;&#039;, &#039;menubar=no,toolbar=no,resizable=yes,scrollbars=yes,height=600,width=600&#039;);return false;\" href=\"https:\/\/plus.google.com\/share?url=\" target=\"_blank\" rel=\"noopener noreferrer\" style=\"color:#bebdbd;\" data-placement=\"top\" data-title=\"Google+\" title=\"Google+\" aria-label=\"Google+\" data-toggle=\"tooltip\"><\/a><a class=\"fusion-social-network-icon fusion-tooltip fusion-pinterest fusion-icon-pinterest\" href=\"http:\/\/pinterest.com\/pin\/create\/button\/?url=&amp;description=&amp;media=\" target=\"_blank\" rel=\"noopener noreferrer\" style=\"color:#bebdbd;\" data-placement=\"top\" data-title=\"Pinterest\" title=\"Pinterest\" aria-label=\"Pinterest\" data-toggle=\"tooltip\"><\/a><a class=\"fusion-social-network-icon fusion-tooltip fusion-vk fusion-icon-vk\" href=\"http:\/\/vkontakte.ru\/share.php?url=&amp;title=&amp;description=\" target=\"_blank\" rel=\"noopener noreferrer\" style=\"color:#bebdbd;\" data-placement=\"top\" data-title=\"Vk\" title=\"Vk\" aria-label=\"Vk\" data-toggle=\"tooltip\"><\/a><a class=\"fusion-social-network-icon fusion-tooltip fusion-mail fusion-icon-mail\" href=\"mailto:?subject=&amp;body=\" target=\"_self\" style=\"color:#bebdbd;\" data-placement=\"top\" data-title=\"Mail\" title=\"Mail\" aria-label=\"Mail\" data-toggle=\"tooltip\"><\/a><\/div><\/div><div class=\"fusion-clearfix\"><\/div>\n\n\t\t\t\t\t<\/div>\n\t\t\t\t<\/div><\/div><\/div><div class=\"fusion-fullwidth fullwidth-box nonhundred-percent-fullwidth non-hundred-percent-height-scrolling\"  style='background-color: rgba(255,255,255,0);background-position: center center;background-repeat: no-repeat;padding-top:10px;padding-right:4%;padding-bottom:0px;padding-left:4%;'><div class=\"fusion-builder-row fusion-row \"><div  class=\"fusion-layout-column fusion_builder_column fusion_builder_column_1_1  fusion-one-full fusion-column-first fusion-column-last 1_1\"  style='margin-top:0px;margin-bottom:0px;'>\n\t\t\t\t\t<div class=\"fusion-column-wrapper\" style=\"padding: 0px 0px 0px 0px;background-position:left top;background-repeat:no-repeat;-webkit-background-size:cover;-moz-background-size:cover;-o-background-size:cover;background-size:cover;\"  data-bg-url=\"\">\n\t\t\t\t\t\t<div class=\"fusion-title title fusion-sep-none fusion-title-size-two\" style=\"margin-top:0px;margin-bottom:15px;\"><h2 class=\"title-heading-left\"><span style=\"color: #23637c; font-size: 22px;\">\u2014 Vous aimerez aussi\u2026<\/span><\/h2><\/div><div class=\"fusion-text\"><div id=\"wp-posts-carousel-991100775\" class=\"light-theme wp-posts-carousel owl-carousel\"><div class=\"wp-posts-carousel-slide slides-4\"><div class=\"wp-posts-carousel-container\"><div class=\"wp-posts-carousel-image\"><a href=\"https:\/\/www.parcduluberon.fr\/en\/a-territory-into-action\/unesco-labels\/geoparc-du-luberon-en\/about-our-geopark\/\" title=\"Read more About our geopark\"><img decoding=\"async\" alt=\"About our geopark\" style=\"max-width:100%;max-height:100%\" src=\"https:\/\/www.parcduluberon.fr\/wp-content\/uploads\/2017\/04\/BAN_marches_publics_c_pnrl_matthieu_camps-460x295.jpg\"><\/a><\/div><div class=\"wp-posts-carousel-details\"><h3 class=\"wp-posts-carousel-title\"><a href=\"https:\/\/www.parcduluberon.fr\/en\/a-territory-into-action\/unesco-labels\/geoparc-du-luberon-en\/about-our-geopark\/\" title=\"About our geopark\">About our geopark<\/a><\/h3><a href=\"https:\/\/www.parcduluberon.fr\/en\/a-territory-into-action\/unesco-labels\/geoparc-du-luberon-en\/about-our-geopark\/\" title=\"Read more About our geopark\"><div class=\"wp-posts-carousel-desc\"><span class=\"pnrl-separator\"><\/span><br>The Luberon UNESCO Global Geopark is located in the southeast of France, in Provence, close to the towns of Aix-en-Provence and Avignon....<\/div><\/a><p class=\"wp-posts-carousel-buttons\"><p><\/div><\/div><\/div><div class=\"wp-posts-carousel-slide slides-4\"><div class=\"wp-posts-carousel-container\"><div class=\"wp-posts-carousel-image\"><a href=\"https:\/\/www.parcduluberon.fr\/en\/le-parc\/geoparc-du-luberon\/geoparcs-toutes-lettres\/\" title=\"Read more G\u00e9oparcs en toutes lettres\"><img decoding=\"async\" alt=\"G\u00e9oparcs en toutes lettres\" style=\"max-width:100%;max-height:100%\" src=\"https:\/\/www.parcduluberon.fr\/wp-content\/uploads\/2017\/05\/BAN_cadenet_c_pnrl_stephane_legal-460x295.jpg\"><\/a><\/div><div class=\"wp-posts-carousel-details\"><h3 class=\"wp-posts-carousel-title\"><a href=\"https:\/\/www.parcduluberon.fr\/en\/le-parc\/geoparc-du-luberon\/geoparcs-toutes-lettres\/\" title=\"G\u00e9oparcs en toutes lettres\">G\u00e9oparcs en toutes lettres<\/a><\/h3><a href=\"https:\/\/www.parcduluberon.fr\/en\/le-parc\/geoparc-du-luberon\/geoparcs-toutes-lettres\/\" title=\"Read more G\u00e9oparcs en toutes lettres\"><div class=\"wp-posts-carousel-desc\"><span class=\"pnrl-separator\"><\/span><br>Un projet de correspondance scolaire...<\/div><\/a><p class=\"wp-posts-carousel-buttons\"><p><\/div><\/div><\/div><div class=\"wp-posts-carousel-slide slides-4\"><div class=\"wp-posts-carousel-container\"><div class=\"wp-posts-carousel-image\"><a href=\"https:\/\/www.parcduluberon.fr\/en\/nos-actions\/developpement-economique\/agriculture\/le-pastoralisme-en-luberon\/\" title=\"Read more Le pastoralisme en Luberon\"><img decoding=\"async\" alt=\"Le pastoralisme en Luberon\" style=\"max-width:100%;max-height:100%\" src=\"https:\/\/www.parcduluberon.fr\/wp-content\/uploads\/2026\/01\/BAN_pastoralisme_pnrl_lcar-460x295.jpg\"><\/a><\/div><div class=\"wp-posts-carousel-details\"><h3 class=\"wp-posts-carousel-title\"><a href=\"https:\/\/www.parcduluberon.fr\/en\/nos-actions\/developpement-economique\/agriculture\/le-pastoralisme-en-luberon\/\" title=\"Le pastoralisme en Luberon\">Le pastoralisme en Luberon<\/a><\/h3><a href=\"https:\/\/www.parcduluberon.fr\/en\/nos-actions\/developpement-economique\/agriculture\/le-pastoralisme-en-luberon\/\" title=\"Read more Le pastoralisme en Luberon\"><div class=\"wp-posts-carousel-desc\"><span class=\"pnrl-separator\"><\/span><br>Soutenir et valoriser le pastoralisme, activit\u00e9 embl\u00e9matique du Luberon...<\/div><\/a><p class=\"wp-posts-carousel-buttons\"><p><\/div><\/div><\/div><div class=\"wp-posts-carousel-slide slides-4\"><div class=\"wp-posts-carousel-container\"><div class=\"wp-posts-carousel-image\"><a href=\"https:\/\/www.parcduluberon.fr\/en\/nos-actions\/developpement-economique\/agriculture\/pna-alimentation-mediterraneenne\/\" title=\"Read more Projet \"L\u2019alimentation m\u00e9diterran\u00e9enne au c\u0153ur des transitions agro\u00e9cologiques\"\"><img decoding=\"async\" alt=\"Projet \"L\u2019alimentation m\u00e9diterran\u00e9enne au c\u0153ur des transitions agro\u00e9cologiques\"\" style=\"max-width:100%;max-height:100%\" src=\"https:\/\/www.parcduluberon.fr\/wp-content\/uploads\/2025\/01\/BAN_marche_pnrI_mona_espanel-460x295.jpg\"><\/a><\/div><div class=\"wp-posts-carousel-details\"><h3 class=\"wp-posts-carousel-title\"><a href=\"https:\/\/www.parcduluberon.fr\/en\/nos-actions\/developpement-economique\/agriculture\/pna-alimentation-mediterraneenne\/\" title=\"Projet \"L\u2019alimentation m\u00e9diterran\u00e9enne au c\u0153ur des transitions agro\u00e9cologiques\"\">Projet \"L\u2019alimentation m\u00e9diterran\u00e9enne au c\u0153ur des transitions agro\u00e9cologiques\"<\/a><\/h3><a href=\"https:\/\/www.parcduluberon.fr\/en\/nos-actions\/developpement-economique\/agriculture\/pna-alimentation-mediterraneenne\/\" title=\"Read more Projet \"L\u2019alimentation m\u00e9diterran\u00e9enne au c\u0153ur des transitions agro\u00e9cologiques\"\"><div class=\"wp-posts-carousel-desc\"><span class=\"pnrl-separator\"><\/span><br>T\u00e9l\u00e9chargements de la journ\u00e9e de restitution du projet \u00ab L\u2019alimentation m\u00e9diterran\u00e9enne au c\u0153ur des transitions agro\u00e9cologiques \u00bb le 9 septembre 2025...<\/div><\/a><p class=\"wp-posts-carousel-buttons\"><p><\/div><\/div><\/div><div class=\"wp-posts-carousel-slide slides-4\"><div class=\"wp-posts-carousel-container\"><div class=\"wp-posts-carousel-image\"><a href=\"https:\/\/www.parcduluberon.fr\/en\/le-parc\/institution\/dotation-amenites-rurales-luberon\/\" title=\"Read more Dotation am\u00e9nit\u00e9s rurales pour le Luberon\"><img decoding=\"async\" alt=\"Dotation am\u00e9nit\u00e9s rurales pour le Luberon\" style=\"max-width:100%;max-height:100%\" src=\"https:\/\/www.parcduluberon.fr\/wp-content\/uploads\/2024\/08\/cretes_2021_c_pnrl_francoise_boulet-460x295.jpg\"><\/a><\/div><div class=\"wp-posts-carousel-details\"><h3 class=\"wp-posts-carousel-title\"><a href=\"https:\/\/www.parcduluberon.fr\/en\/le-parc\/institution\/dotation-amenites-rurales-luberon\/\" title=\"Dotation am\u00e9nit\u00e9s rurales pour le Luberon\">Dotation am\u00e9nit\u00e9s rurales pour le Luberon<\/a><\/h3><a href=\"https:\/\/www.parcduluberon.fr\/en\/le-parc\/institution\/dotation-amenites-rurales-luberon\/\" title=\"Read more Dotation am\u00e9nit\u00e9s rurales pour le Luberon\"><div class=\"wp-posts-carousel-desc\"><span class=\"pnrl-separator\"><\/span><br>66 communes b\u00e9n\u00e9ficiaires de la dotation am\u00e9nit\u00e9s rurales...<\/div><\/a><p class=\"wp-posts-carousel-buttons\"><p><\/div><\/div><\/div><div class=\"wp-posts-carousel-slide slides-4\"><div class=\"wp-posts-carousel-container\"><div class=\"wp-posts-carousel-image\"><a href=\"https:\/\/www.parcduluberon.fr\/en\/a-territory-into-action\/geologic-nature-reserve-en\/national-geologic-reserve-of-luberon\/\" title=\"Read more National Geologic Reserve of Luberon\"><img decoding=\"async\" alt=\"National Geologic Reserve of Luberon\" style=\"max-width:100%;max-height:100%\" src=\"https:\/\/www.parcduluberon.fr\/wp-content\/uploads\/2019\/05\/bandeau_rng_luberon-460x295.jpg\"><\/a><\/div><div class=\"wp-posts-carousel-details\"><h3 class=\"wp-posts-carousel-title\"><a href=\"https:\/\/www.parcduluberon.fr\/en\/a-territory-into-action\/geologic-nature-reserve-en\/national-geologic-reserve-of-luberon\/\" title=\"National Geologic Reserve of Luberon\">National Geologic Reserve of Luberon<\/a><\/h3><a href=\"https:\/\/www.parcduluberon.fr\/en\/a-territory-into-action\/geologic-nature-reserve-en\/national-geologic-reserve-of-luberon\/\" title=\"Read more National Geologic Reserve of Luberon\"><div class=\"wp-posts-carousel-desc\"><span class=\"pnrl-separator\"><\/span><br>The Luberon Nature Reserve territory is internationally recognized as an area of significant importance for paleontology since the nineteenth century....<\/div><\/a><p class=\"wp-posts-carousel-buttons\"><p><\/div><\/div><\/div><div class=\"wp-posts-carousel-slide slides-4\"><div class=\"wp-posts-carousel-container\"><div class=\"wp-posts-carousel-image\"><a href=\"https:\/\/www.parcduluberon.fr\/en\/nos-actions\/education-au-territoire\/programme-dactions-educatives\/aires-terrestres-educatives-ate-en-luberon\/\" title=\"Read more Aires Terrestres \u00c9ducatives (ATE) en Luberon\"><img decoding=\"async\" alt=\"Aires Terrestres \u00c9ducatives (ATE) en Luberon\" style=\"max-width:100%;max-height:100%\" src=\"https:\/\/www.parcduluberon.fr\/wp-content\/uploads\/2025\/08\/BAN_InaugurationVirginiereATE-460x295.jpg\"><\/a><\/div><div class=\"wp-posts-carousel-details\"><h3 class=\"wp-posts-carousel-title\"><a href=\"https:\/\/www.parcduluberon.fr\/en\/nos-actions\/education-au-territoire\/programme-dactions-educatives\/aires-terrestres-educatives-ate-en-luberon\/\" title=\"Aires Terrestres \u00c9ducatives (ATE) en Luberon\">Aires Terrestres \u00c9ducatives (ATE) en Luberon<\/a><\/h3><a href=\"https:\/\/www.parcduluberon.fr\/en\/nos-actions\/education-au-territoire\/programme-dactions-educatives\/aires-terrestres-educatives-ate-en-luberon\/\" title=\"Read more Aires Terrestres \u00c9ducatives (ATE) en Luberon\"><div class=\"wp-posts-carousel-desc\"><span class=\"pnrl-separator\"><\/span><br>Zoom sur les ATE (aires terrestres \u00e9ducatives&quot; dans le Parc du Luberon....<\/div><\/a><p class=\"wp-posts-carousel-buttons\"><p><\/div><\/div><\/div><div class=\"wp-posts-carousel-slide slides-4\"><div class=\"wp-posts-carousel-container\"><div class=\"wp-posts-carousel-image\"><a href=\"https:\/\/www.parcduluberon.fr\/en\/nos-actions\/milieux-naturels-et-biodiversite\/gestion-sites-naturels\/ens-zones-humides-calavon\/\" title=\"Read more ENS \"Les zones humides du Calavon aval\"\"><img decoding=\"async\" alt=\"ENS \"Les zones humides du Calavon aval\"\" style=\"max-width:100%;max-height:100%\" src=\"https:\/\/www.parcduluberon.fr\/wp-content\/uploads\/2025\/08\/BAN_ens_calavon_david_tatin-460x295.jpg\"><\/a><\/div><div class=\"wp-posts-carousel-details\"><h3 class=\"wp-posts-carousel-title\"><a href=\"https:\/\/www.parcduluberon.fr\/en\/nos-actions\/milieux-naturels-et-biodiversite\/gestion-sites-naturels\/ens-zones-humides-calavon\/\" title=\"ENS \"Les zones humides du Calavon aval\"\">ENS \"Les zones humides du Calavon aval\"<\/a><\/h3><a href=\"https:\/\/www.parcduluberon.fr\/en\/nos-actions\/milieux-naturels-et-biodiversite\/gestion-sites-naturels\/ens-zones-humides-calavon\/\" title=\"Read more ENS \"Les zones humides du Calavon aval\"\"><div class=\"wp-posts-carousel-desc\"><span class=\"pnrl-separator\"><\/span><br>L\u2019espace naturel sensible (ENS) \u00ab Les zones humides du Calavon aval \u00bb concerne six sites de la rivi\u00e8re Calavon r\u00e9partis \u00e0 l\u2019aval d\u2019Apt, entre le Pont Julien et Coustellet....<\/div><\/a><p class=\"wp-posts-carousel-buttons\"><p><\/div><\/div><\/div><div class=\"wp-posts-carousel-slide slides-4\"><div class=\"wp-posts-carousel-container\"><div class=\"wp-posts-carousel-image\"><a href=\"https:\/\/www.parcduluberon.fr\/en\/le-parc\/revision-de-la-charte\/lessentiel\/\" title=\"Read more L\u2019essentiel du projet de Charte 2025-2040\"><img decoding=\"async\" alt=\"L\u2019essentiel du projet de Charte 2025-2040\" style=\"max-width:100%;max-height:100%\" src=\"https:\/\/www.parcduluberon.fr\/wp-content\/uploads\/2025\/05\/BAN_essentiel_charte-460x295.jpg\"><\/a><\/div><div class=\"wp-posts-carousel-details\"><h3 class=\"wp-posts-carousel-title\"><a href=\"https:\/\/www.parcduluberon.fr\/en\/le-parc\/revision-de-la-charte\/lessentiel\/\" title=\"L\u2019essentiel du projet de Charte 2025-2040\">L\u2019essentiel du projet de Charte 2025-2040<\/a><\/h3><a href=\"https:\/\/www.parcduluberon.fr\/en\/le-parc\/revision-de-la-charte\/lessentiel\/\" title=\"Read more L\u2019essentiel du projet de Charte 2025-2040\"><div class=\"wp-posts-carousel-desc\"><span class=\"pnrl-separator\"><\/span><br>Retrouvez la synth\u00e8se de la Charte 2025-2040 et les atouts du Parc naturel r\u00e9gional....<\/div><\/a><p class=\"wp-posts-carousel-buttons\"><p><\/div><\/div><\/div><div class=\"wp-posts-carousel-slide slides-4\"><div class=\"wp-posts-carousel-container\"><div class=\"wp-posts-carousel-image\"><a href=\"https:\/\/www.parcduluberon.fr\/en\/prepare-your-stay\/how-to-get-there\/\" title=\"Read more How to get there\"><img decoding=\"async\" alt=\"How to get there\" style=\"max-width:100%;max-height:100%\" src=\"https:\/\/www.parcduluberon.fr\/wp-content\/uploads\/2017\/07\/BAN_R2_geologie_c_david_tatin-460x295.jpg\"><\/a><\/div><div class=\"wp-posts-carousel-details\"><h3 class=\"wp-posts-carousel-title\"><a href=\"https:\/\/www.parcduluberon.fr\/en\/prepare-your-stay\/how-to-get-there\/\" title=\"How to get there\">How to get there<\/a><\/h3><a href=\"https:\/\/www.parcduluberon.fr\/en\/prepare-your-stay\/how-to-get-there\/\" title=\"Read more How to get there\"><div class=\"wp-posts-carousel-desc\"><span class=\"pnrl-separator\"><\/span><br>Situated in southeastern France, the Luberon UNESCO Global Geopark is located in Provence, close to the towns of Aix-en-Provence and Avignon. The Geopark is easily accesible....<\/div><\/a><p class=\"wp-posts-carousel-buttons\"><p><\/div><\/div><\/div><\/div><script type=\"text\/javascript\">\n                    jQuery(window).load(function(e) {\n                        var wpPostsCarousel991100775 = jQuery(\"#wp-posts-carousel-991100775\");\n                        wpPostsCarousel991100775.owlCarousel({\n                            loop: true,\n                            nav: true,\n                            navSpeed: 800,\n                            dots: false,\n                            dotsSpeed: 800,\n                            lazyLoad: false,\n                            autoplay: false,\n                            autoplayHoverPause: true,\n                            autoplayTimeout: 1200,\n                            autoplaySpeed:  800,\n                            margin: 5,\n                            stagePadding: 0,\n                            freeDrag: false,\n                            mouseDrag: true,\n                            touchDrag: true,\n                            slideBy: 1,\n                            fallbackEasing: \"linear\",\n                            responsiveClass: true,\n                            navText: [ \" Actualit\u00e9 pr\u00e9c\u00e9dente \", \" Actualit\u00e9 suivante \" ],\n                            responsive:{\n                                0:{items: 1},\n                                600:{items: 2},\n                                1000:{items: 4}\n                                \n                            },\n                            autoHeight: true\n                        });\n                        wpPostsCarousel991100775.on(\"mousewheel\", \".owl-stage\", function(e) {\n                if (e.deltaY > 0) {\n                    wpPostsCarousel991100775.trigger(\"next.owl\");\n                } else {\n                    wpPostsCarousel991100775.trigger(\"prev.owl\");\n                }\n                e.preventDefault();\n            });\n                    });\n                <\/script>\n<\/div><div class=\"fusion-clearfix\"><\/div>\n\n\t\t\t\t\t<\/div>\n\t\t\t\t<\/div><\/div><\/div><div class=\"fusion-fullwidth fullwidth-box nonhundred-percent-fullwidth non-hundred-percent-height-scrolling\"  style='background-color: rgba(255,255,255,0);background-position: center center;background-repeat: no-repeat;padding-top:80px;padding-right:4%;padding-bottom:150px;padding-left:4%;'><div class=\"fusion-builder-row fusion-row \"><div  class=\"fusion-layout-column fusion_builder_column fusion_builder_column_1_2  fusion-one-half fusion-column-first 1_2\"  style='margin-top:0px;margin-bottom:0px;width:48%; margin-right: 4%;'>\n\t\t\t\t\t<div class=\"fusion-column-wrapper\" style=\"padding: 0px 0px 0px 0px;background-position:left top;background-repeat:no-repeat;-webkit-background-size:cover;-moz-background-size:cover;-o-background-size:cover;background-size:cover;\"  data-bg-url=\"\">\n\t\t\t\t\t\t<div class=\"fusion-clearfix\"><\/div>\n\n\t\t\t\t\t<\/div>\n\t\t\t\t<\/div><div  class=\"fusion-layout-column fusion_builder_column fusion_builder_column_1_2  fusion-one-half fusion-column-last 1_2\"  style='margin-top:0px;margin-bottom:0px;width:48%'>\n\t\t\t\t\t<div class=\"fusion-column-wrapper\" style=\"padding: 0px 0px 0px 0px;background-position:left top;background-repeat:no-repeat;-webkit-background-size:cover;-moz-background-size:cover;-o-background-size:cover;background-size:cover;\"  data-bg-url=\"\">\n\t\t\t\t\t\t<div class=\"fusion-clearfix\"><\/div>\n\n\t\t\t\t\t<\/div>\n\t\t\t\t<\/div><\/div><\/div><\/p>\n","protected":false},"excerpt":{"rendered":"<p>Un projet de correspondance scolaire<\/p>\n","protected":false},"author":6,"featured_media":5069,"comment_status":"closed","ping_status":"open","sticky":false,"template":"","format":"standard","meta":{"_acf_changed":false,"_seopress_robots_primary_cat":"157","_seopress_titles_title":"","_seopress_titles_desc":"Six G\u00e9oparcs fran\u00e7ais coop\u00e8rent dans un projet de correspondances interclasses pour donner l\u2019occasion aux enfants de mieux conna\u00eetre leur territoire et partager leurs d\u00e9couvertes. Pour le Luberon, la classe de CM1 de Cadenet correspond avec une classe de CM1-CM2 de Livernon dans les Causses du Quercy.","_seopress_robots_index":"","_bbp_topic_count":0,"_bbp_reply_count":0,"_bbp_total_topic_count":0,"_bbp_total_reply_count":0,"_bbp_voice_count":0,"_bbp_anonymous_reply_count":0,"_bbp_topic_count_hidden":0,"_bbp_reply_count_hidden":0,"_bbp_forum_subforum_count":0,"footnotes":""},"categories":[157],"tags":[215,213,208],"class_list":["post-3458322","post","type-post","status-publish","format-standard","has-post-thumbnail","hentry","category-geoparc-du-luberon","tag-education","tag-geologie","tag-reseaux"],"acf":[],"_links":{"self":[{"href":"https:\/\/www.parcduluberon.fr\/en\/wp-json\/wp\/v2\/posts\/3458322","targetHints":{"allow":["GET"]}}],"collection":[{"href":"https:\/\/www.parcduluberon.fr\/en\/wp-json\/wp\/v2\/posts"}],"about":[{"href":"https:\/\/www.parcduluberon.fr\/en\/wp-json\/wp\/v2\/types\/post"}],"author":[{"embeddable":true,"href":"https:\/\/www.parcduluberon.fr\/en\/wp-json\/wp\/v2\/users\/6"}],"replies":[{"embeddable":true,"href":"https:\/\/www.parcduluberon.fr\/en\/wp-json\/wp\/v2\/comments?post=3458322"}],"version-history":[{"count":5,"href":"https:\/\/www.parcduluberon.fr\/en\/wp-json\/wp\/v2\/posts\/3458322\/revisions"}],"predecessor-version":[{"id":3458330,"href":"https:\/\/www.parcduluberon.fr\/en\/wp-json\/wp\/v2\/posts\/3458322\/revisions\/3458330"}],"wp:featuredmedia":[{"embeddable":true,"href":"https:\/\/www.parcduluberon.fr\/en\/wp-json\/wp\/v2\/media\/5069"}],"wp:attachment":[{"href":"https:\/\/www.parcduluberon.fr\/en\/wp-json\/wp\/v2\/media?parent=3458322"}],"wp:term":[{"taxonomy":"category","embeddable":true,"href":"https:\/\/www.parcduluberon.fr\/en\/wp-json\/wp\/v2\/categories?post=3458322"},{"taxonomy":"post_tag","embeddable":true,"href":"https:\/\/www.parcduluberon.fr\/en\/wp-json\/wp\/v2\/tags?post=3458322"}],"curies":[{"name":"wp","href":"https:\/\/api.w.org\/{rel}","templated":true}]}}