{"id":20683,"date":"2021-03-10T12:13:27","date_gmt":"2021-03-10T11:13:27","guid":{"rendered":"https:\/\/www.parcduluberon.fr\/?p=20683"},"modified":"2024-06-07T15:59:43","modified_gmt":"2024-06-07T14:59:43","slug":"espace-valleen-luberon-lure","status":"publish","type":"post","link":"https:\/\/www.parcduluberon.fr\/en\/nos-actions\/tourisme\/espace-valleen-luberon-lure\/","title":{"rendered":"Espace vall\u00e9en Luberon-Lure"},"content":{"rendered":"<p><div class=\"fusion-fullwidth fullwidth-box introduction nonhundred-percent-fullwidth non-hundred-percent-height-scrolling\"  style='background-color: rgba(255,255,255,0);background-position: center center;background-repeat: no-repeat;padding-top:0px;padding-right:0px;padding-bottom:10px;padding-left:0px;'><div class=\"fusion-builder-row fusion-row \"><div  class=\"fusion-layout-column fusion_builder_column fusion_builder_column_1_5  fusion-one-fifth fusion-column-first fusion-spacing-no 1_5\"  style='margin-top:0px;margin-bottom:0px;width:20%;width:calc(20% - ( ( 0 + 0 ) * 0.2 ) );margin-right: 0px;'>\n\t\t\t\t\t<div class=\"fusion-column-wrapper\" style=\"padding: 20px 10% 0px 10%;background-position:left top;background-repeat:no-repeat;-webkit-background-size:cover;-moz-background-size:cover;-o-background-size:cover;background-size:cover;\"  data-bg-url=\"\">\n\t\t\t\t\t\t<div class=\"fusion-widget-area fusion-widget-area-1 fusion-content-widget-area\"><style type=\"text\/css\" scoped=\"scoped\">.fusion-widget-area-1 {padding:0px 0px 0px 0px;}.fusion-widget-area-1 .widget h4 {color:#23637c;}.fusion-widget-area-1 .widget .heading h4 {color:#23637c;}.fusion-widget-area-1 .widget h4 {font-size:18px;}.fusion-widget-area-1 .widget .heading h4 {font-size:18px;}<\/style><div id=\"execphp-2\" class=\"widget widget_execphp\">\t\t\t<div class=\"execphpwidget\"><h6><strong>Mots clefs<\/strong><\/h6><li class=\"fa fa-tag\"> <a href=\"https:\/\/www.parcduluberon.fr\/en\/tag\/amenager\/\" rel=\"tag\">Am\u00e9nager<\/a><li class=\"fa fa-tag\"> <a href=\"https:\/\/www.parcduluberon.fr\/en\/tag\/developper\/\" rel=\"tag\">D\u00e9velopper<\/a><li class=\"fa fa-tag\"> <a href=\"https:\/\/www.parcduluberon.fr\/en\/tag\/tourisme\/\" rel=\"tag\">Tourisme<\/a><\/li><\/div>\n\t\t<\/div><div class=\"fusion-additional-widget-content\"><\/div><\/div><div class=\"fusion-clearfix\"><\/div>\n\n\t\t\t\t\t<\/div>\n\t\t\t\t<\/div><div  class=\"fusion-layout-column fusion_builder_column fusion_builder_column_3_5  fusion-three-fifth fusion-spacing-no 3_5\"  style='margin-top:0px;margin-bottom:0px;width:60%;width:calc(60% - ( ( 0 + 0 ) * 0.6 ) );margin-right: 0px;'>\n\t\t\t\t\t<div class=\"fusion-column-wrapper\" style=\"padding: 0px 0px 0px 0px;background-position:left top;background-repeat:no-repeat;-webkit-background-size:cover;-moz-background-size:cover;-o-background-size:cover;background-size:cover;\"  data-bg-url=\"\">\n\t\t\t\t\t\t<div class=\"fusion-text\"><p>Depuis 2015, le Parc naturel r\u00e9gional du Luberon porte le programme Espace vall\u00e9en Luberon-Lure, en partenariat avec les acteurs du tourisme locaux et r\u00e9gionaux. Cette strat\u00e9gie de d\u00e9veloppement touristique porte sur la valorisation responsable des patrimoines naturels et culturels, la promotion d\u2019une destination Luberon, l\u2019adaptation au changement climatique, la prise en compte des nouvelles attentes des client\u00e8les et la coh\u00e9rence territoriale.<br \/>\nL\u2019objectif : g\u00e9n\u00e9rer des retomb\u00e9es \u00e9conomiques locales gr\u00e2ce \u00e0 un tourisme attentif \u00e0 son impact, un tourisme de d\u00e9couverte douce du territoire.<br \/>\nDes projets d\u2019investissement sont soutenus, pour concr\u00e9tiser de nouveaux am\u00e9nagements et des \u00e9quipements \u00e0 destination des habitants et des visiteurs.<\/p>\n<\/div><div class=\"fusion-clearfix\"><\/div>\n\n\t\t\t\t\t<\/div>\n\t\t\t\t<\/div><div  class=\"fusion-layout-column fusion_builder_column fusion_builder_column_1_5  fusion-one-fifth fusion-column-last fusion-spacing-no 1_5\"  style='margin-top:0px;margin-bottom:0px;width:20%;width:calc(20% - ( ( 0 + 0 ) * 0.2 ) );'>\n\t\t\t\t\t<div class=\"fusion-column-wrapper\" style=\"padding: 0px 20px 0px 20px;background-position:left top;background-repeat:no-repeat;-webkit-background-size:cover;-moz-background-size:cover;-o-background-size:cover;background-size:cover;\"  data-bg-url=\"\">\n\t\t\t\t\t\t<div class=\"fusion-clearfix\"><\/div>\n\n\t\t\t\t\t<\/div>\n\t\t\t\t<\/div><\/div><\/div><div class=\"fusion-fullwidth fullwidth-box introduction nonhundred-percent-fullwidth non-hundred-percent-height-scrolling\"  style='background-color: rgba(255,255,255,0);background-position: center center;background-repeat: no-repeat;padding-top:0px;padding-right:0px;padding-bottom:0px;padding-left:0px;'><div class=\"fusion-builder-row fusion-row \"><div  class=\"fusion-layout-column fusion_builder_column fusion_builder_column_1_5  fusion-one-fifth fusion-column-first fusion-spacing-no 1_5\"  style='margin-top:0px;margin-bottom:0px;width:20%;width:calc(20% - ( ( 0 ) * 0.2 ) );margin-right: 0px;'>\n\t\t\t\t\t<div class=\"fusion-column-wrapper\" style=\"padding: 0px 0px 0px 0px;background-position:left top;background-repeat:no-repeat;-webkit-background-size:cover;-moz-background-size:cover;-o-background-size:cover;background-size:cover;\"  data-bg-url=\"\">\n\t\t\t\t\t\t<div class=\"fusion-clearfix\"><\/div>\n\n\t\t\t\t\t<\/div>\n\t\t\t\t<\/div><div  class=\"fusion-layout-column fusion_builder_column fusion_builder_column_3_5  fusion-three-fifth fusion-column-last fusion-spacing-no 3_5\"  style='margin-top:0px;margin-bottom:0px;width:60%;width:calc(60% - ( ( 0 ) * 0.6 ) );'>\n\t\t\t\t\t<div class=\"fusion-column-wrapper\" style=\"padding: 0px 0px 0px 0px;background-position:left top;background-repeat:no-repeat;-webkit-background-size:cover;-moz-background-size:cover;-o-background-size:cover;background-size:cover;\"  data-bg-url=\"\">\n\t\t\t\t\t\t<span class=\"fusion-imageframe imageframe-none imageframe-1 hover-type-none\"><img loading=\"lazy\" decoding=\"async\" src=\"https:\/\/www.parcduluberon.fr\/wp-content\/uploads\/2021\/03\/randonnee_c_philippe_clin.jpg\" width=\"720\" height=\"405\" alt=\"Randonn\u00e9e dans le Parc du Luberon (photo Philippe Clin)\" title=\"Randonn\u00e9e dans le Parc du Luberon\" class=\"img-responsive wp-image-20691\" srcset=\"https:\/\/www.parcduluberon.fr\/wp-content\/uploads\/2021\/03\/randonnee_c_philippe_clin-200x113.jpg 200w, https:\/\/www.parcduluberon.fr\/wp-content\/uploads\/2021\/03\/randonnee_c_philippe_clin-400x225.jpg 400w, https:\/\/www.parcduluberon.fr\/wp-content\/uploads\/2021\/03\/randonnee_c_philippe_clin-600x338.jpg 600w, https:\/\/www.parcduluberon.fr\/wp-content\/uploads\/2021\/03\/randonnee_c_philippe_clin.jpg 720w\" sizes=\"auto, (max-width: 800px) 100vw, 720px\" \/><\/span><div class=\"pnrl-imageframe-container\">Randonn\u00e9e dans le Parc du Luberon<br><span class=\"pnrl-imageframe-span\">(photo Philippe Clin)<\/span><\/div><div class=\"fusion-clearfix\"><\/div>\n\n\t\t\t\t\t<\/div>\n\t\t\t\t<\/div><\/div><\/div><div class=\"fusion-fullwidth fullwidth-box nonhundred-percent-fullwidth non-hundred-percent-height-scrolling\"  style='background-color: rgba(255,255,255,0);background-position: center center;background-repeat: no-repeat;padding-top:30px;padding-right:0px;padding-bottom:0px;padding-left:0px;'><div class=\"fusion-builder-row fusion-row \"><div  class=\"fusion-layout-column fusion_builder_column fusion_builder_column_1_5  fusion-one-fifth fusion-column-first fusion-spacing-no 1_5\"  style='margin-top:0px;margin-bottom:0px;width:20%;width:calc(20% - ( ( 0 ) * 0.2 ) );margin-right: 0px;'>\n\t\t\t\t\t<div class=\"fusion-column-wrapper\" style=\"padding: 0px 0px 0px 0px;background-position:left top;background-repeat:no-repeat;-webkit-background-size:cover;-moz-background-size:cover;-o-background-size:cover;background-size:cover;\"  data-bg-url=\"\">\n\t\t\t\t\t\t<div class=\"fusion-clearfix\"><\/div>\n\n\t\t\t\t\t<\/div>\n\t\t\t\t<\/div><div  class=\"fusion-layout-column fusion_builder_column fusion_builder_column_3_5  fusion-three-fifth fusion-column-last fusion-spacing-no 3_5\"  style='margin-top:0px;margin-bottom:0px;width:60%;width:calc(60% - ( ( 0 ) * 0.6 ) );'>\n\t\t\t\t\t<div class=\"fusion-column-wrapper\" style=\"padding: 0px 0px 0px 0px;background-position:left top;background-repeat:no-repeat;-webkit-background-size:cover;-moz-background-size:cover;-o-background-size:cover;background-size:cover;\"  data-bg-url=\"\">\n\t\t\t\t\t\t<div class=\"fusion-text\"><p><em>&#8220;Espace vall\u00e9en&#8221; est un programme qui vise \u00e0 d\u00e9velopper l&#8217;attractivit\u00e9 touristique des territoires de haute et de moyenne montagne. Ce dispositif est anim\u00e9 et financ\u00e9 par l&#8217;ANCT (Agence nationale de la coh\u00e9sion des territoires), le Commissariat de massif des Alpes, la R\u00e9gion Provence-Alpes-C\u00f4te d&#8217;Azur et la R\u00e9gion Auvergne-Rh\u00f4ne-Alpes et l&#8217;Union europ\u00e9enne (Feder).<\/em><\/p>\n<\/div><div class=\"fusion-clearfix\"><\/div>\n\n\t\t\t\t\t<\/div>\n\t\t\t\t<\/div><\/div><\/div><div class=\"fusion-fullwidth fullwidth-box nonhundred-percent-fullwidth non-hundred-percent-height-scrolling\"  style='background-color: rgba(255,255,255,0);background-position: center center;background-repeat: no-repeat;padding-top:30px;padding-right:0px;padding-bottom:0px;padding-left:0px;'><div class=\"fusion-builder-row fusion-row \"><div  class=\"fusion-layout-column fusion_builder_column fusion_builder_column_1_5  fusion-one-fifth fusion-column-first fusion-spacing-no 1_5\"  style='margin-top:0px;margin-bottom:0px;width:20%;width:calc(20% - ( ( 0 ) * 0.2 ) );margin-right: 0px;'>\n\t\t\t\t\t<div class=\"fusion-column-wrapper\" style=\"padding: 0px 0px 0px 0px;background-position:left top;background-repeat:no-repeat;-webkit-background-size:cover;-moz-background-size:cover;-o-background-size:cover;background-size:cover;\"  data-bg-url=\"\">\n\t\t\t\t\t\t<div class=\"fusion-clearfix\"><\/div>\n\n\t\t\t\t\t<\/div>\n\t\t\t\t<\/div><div  class=\"fusion-layout-column fusion_builder_column fusion_builder_column_3_5  fusion-three-fifth fusion-column-last fusion-spacing-no 3_5\"  style='margin-top:0px;margin-bottom:0px;width:60%;width:calc(60% - ( ( 0 ) * 0.6 ) );'>\n\t\t\t\t\t<div class=\"fusion-column-wrapper\" style=\"padding: 0px 0px 0px 0px;background-position:left top;background-repeat:no-repeat;-webkit-background-size:cover;-moz-background-size:cover;-o-background-size:cover;background-size:cover;\"  data-bg-url=\"\">\n\t\t\t\t\t\t<div class=\"fusion-title title fusion-sep-none fusion-title-size-three pnrl-tp-article\" style=\"margin-top:0px;margin-bottom:31px;\"><h3 class=\"title-heading-left\">Les 3 objectifs de l\u2019Espace vall\u00e9en Luberon-Lure 2021-2027<\/h3><\/div><div class=\"fusion-text\"><p>Dans la continuit\u00e9 du programme Espace vall\u00e9en 2015-2020, la candidature du Parc du Luberon pour 2021-2027 a \u00e9t\u00e9 retenue par le comit\u00e9 de s\u00e9lection compos\u00e9 des partenaires financiers (Union europ\u00e9enne, \u00c9tat, R\u00e9gion, D\u00e9partements) en octobre 2021.<\/p>\n<p>Cette nouvelle strat\u00e9gie vise 3 objectifs :<\/p>\n<ol>\n<li>l\u2019acc\u00e9l\u00e9ration de la d\u00e9marche de diversification 4 saisons dans l\u2019espace et le temps ;<\/li>\n<li>le renforcement de l\u2019offre de services pour les habitants et les visiteurs ;<\/li>\n<li>la coop\u00e9ration autour de la destination \u00e9cotouristique, des activit\u00e9s et sports de nature.<\/li>\n<\/ol>\n<\/div><div class=\"fusion-clearfix\"><\/div>\n\n\t\t\t\t\t<\/div>\n\t\t\t\t<\/div><\/div><\/div><div class=\"fusion-fullwidth fullwidth-box nonhundred-percent-fullwidth non-hundred-percent-height-scrolling\"  style='background-color: rgba(255,255,255,0);background-position: center center;background-repeat: no-repeat;padding-top:30px;padding-right:0px;padding-bottom:0px;padding-left:0px;'><div class=\"fusion-builder-row fusion-row \"><div  class=\"fusion-layout-column fusion_builder_column fusion_builder_column_1_5  fusion-one-fifth fusion-column-first fusion-spacing-no 1_5\"  style='margin-top:0px;margin-bottom:0px;width:20%;width:calc(20% - ( ( 0 ) * 0.2 ) );margin-right: 0px;'>\n\t\t\t\t\t<div class=\"fusion-column-wrapper\" style=\"padding: 0px 0px 0px 0px;background-position:left top;background-repeat:no-repeat;-webkit-background-size:cover;-moz-background-size:cover;-o-background-size:cover;background-size:cover;\"  data-bg-url=\"\">\n\t\t\t\t\t\t<div class=\"fusion-clearfix\"><\/div>\n\n\t\t\t\t\t<\/div>\n\t\t\t\t<\/div><div  class=\"fusion-layout-column fusion_builder_column fusion_builder_column_3_5  fusion-three-fifth fusion-column-last fusion-spacing-no 3_5\"  style='margin-top:0px;margin-bottom:0px;width:60%;width:calc(60% - ( ( 0 ) * 0.6 ) );'>\n\t\t\t\t\t<div class=\"fusion-column-wrapper\" style=\"padding: 0px 0px 0px 0px;background-position:left top;background-repeat:no-repeat;-webkit-background-size:cover;-moz-background-size:cover;-o-background-size:cover;background-size:cover;\"  data-bg-url=\"\">\n\t\t\t\t\t\t<div class=\"fusion-title title fusion-sep-none fusion-title-size-three pnrl-tp-article\" style=\"margin-top:0px;margin-bottom:31px;\"><h3 class=\"title-heading-left\">Les 3 axes de la strat\u00e9gie Espace vall\u00e9en Luberon-Lure 2021-2027<\/h3><\/div><div class=\"fusion-text\"><p><strong>L\u2019axe 1<\/strong> vise \u00e0 engager le territoire vers l\u2019adaptation au changement climatique et la transition \u00e9cologique, g\u00e9rer des flux touristiques soutenables et bien r\u00e9partis sur le territoire et dans le temps, am\u00e9liorer l\u2019offre de service pour les habitants et es visiteurs.<\/p>\n<p><strong>L\u2019axe 2<\/strong> a pour objectif de conforter les sp\u00e9cificit\u00e9s et la diversit\u00e9 de l\u2019offre touristique des bassins de vie, structurer les fili\u00e8res (activit\u00e9s et sports de nature, v\u00e9lo, produits du terroir, \u0153notourisme, g\u00e9otourisme, patrimoine culturel\u2026) et proposer des am\u00e9nagements et des \u00e9quipements structurants en faveur des populations (touristiques et r\u00e9sidents permanents).<\/p>\n<p><strong>L\u2019axe 3<\/strong> cible la destination Luberon pour rassembler les forces des bassins de vie touristiques pour une action coh\u00e9rente et de coop\u00e9ration autour des activit\u00e9s de loisirs et de pleine nature et de l\u2019\u00e9cotourisme. Les projets inter-espaces vall\u00e9ens s\u2019inscrivent dans l\u2019axe 3.<\/p>\n<p>Ce programme est port\u00e9 par le Parc du Luberon, les 6 intercommunalit\u00e9s du territoire, les offices de tourisme intercommunaux et des acteurs socio-professionnels.<\/p>\n<\/div><div class=\"fusion-text\"><p><strong>9 objectifs op\u00e9rationnels<\/strong> structurent un plan d\u2019actions pluriannuel.<\/p>\n<p>Le plan d\u2019actions peut \u00eatre aliment\u00e9 au fil de l\u2019eau par des nouveaux projets tout au long du d\u00e9ploiement de la strat\u00e9gie (2021-2027).<\/p>\n<\/div><div class=\"fusion-sep-clear\"><\/div><div class=\"fusion-separator fusion-full-width-sep sep-none\" style=\"margin-left: auto;margin-right: auto;margin-top:0px;margin-bottom:0px;\"><\/div><ul class=\"fusion-checklist fusion-checklist-1\" style=\"font-size:13px;line-height:22.1px;\"><li class=\"fusion-li-item\"><span style=\"background-color:#607d8b;font-size:11.44px;height:22.1px;width:22.1px;margin-right:9.1px;\" class=\"icon-wrapper circle-yes\"><i class=\"fusion-li-icon fa fa-check\" style=\"color:#ffffff;\"><\/i><\/span><div class=\"fusion-li-item-content\" style=\"margin-left:31.2px;\">\n<p><a href=\"https:\/\/www.parcduluberon.fr\/wp-content\/uploads\/2022\/08\/schema_EV_Luberon_Lure_21_27.pdf\" target=\"_blank\" rel=\"noopener\">T\u00e9l\u00e9charger le sch\u00e9ma des objectifs op\u00e9rationnels 2021-2027<\/a><\/p>\n<\/div><\/li><\/ul><div class=\"fusion-sep-clear\"><\/div><div class=\"fusion-separator fusion-full-width-sep sep-none\" style=\"margin-left: auto;margin-right: auto;margin-top:0px;margin-bottom:0px;\"><\/div><div class=\"fusion-text\"><p>Le p\u00e9rim\u00e8tre \u00e9ligible concerne l\u2019ensemble des communes du Parc naturel r\u00e9gional du Luberon et du versant sud de la montagne de Lure (100 communes, correspondant au p\u00e9rim\u00e8tre de la r\u00e9vision de la Charte du Parc).<\/p>\n<\/div><div class=\"fusion-sep-clear\"><\/div><div class=\"fusion-separator fusion-full-width-sep sep-none\" style=\"margin-left: auto;margin-right: auto;margin-top:0px;margin-bottom:0px;\"><\/div><div class=\"fusion-text\"><p><a href=\"https:\/\/www.parcduluberon.fr\/wp-content\/uploads\/2022\/08\/dev_tourisme_espace_valleen_perimetre-EV.jpeg\"><img alt=\"\" loading=\"lazy\" decoding=\"async\" class=\"size-full wp-image-774436 aligncenter\" src=\"https:\/\/www.parcduluberon.fr\/wp-content\/uploads\/2022\/08\/dev_tourisme_espace_valleen_perimetre-EV.jpeg\" alt=\"\" width=\"1200\" height=\"849\" srcset=\"https:\/\/www.parcduluberon.fr\/wp-content\/uploads\/2022\/08\/dev_tourisme_espace_valleen_perimetre-EV-200x142.jpeg 200w, https:\/\/www.parcduluberon.fr\/wp-content\/uploads\/2022\/08\/dev_tourisme_espace_valleen_perimetre-EV-300x212.jpeg 300w, https:\/\/www.parcduluberon.fr\/wp-content\/uploads\/2022\/08\/dev_tourisme_espace_valleen_perimetre-EV-400x283.jpeg 400w, https:\/\/www.parcduluberon.fr\/wp-content\/uploads\/2022\/08\/dev_tourisme_espace_valleen_perimetre-EV-600x425.jpeg 600w, https:\/\/www.parcduluberon.fr\/wp-content\/uploads\/2022\/08\/dev_tourisme_espace_valleen_perimetre-EV-768x543.jpeg 768w, https:\/\/www.parcduluberon.fr\/wp-content\/uploads\/2022\/08\/dev_tourisme_espace_valleen_perimetre-EV-800x566.jpeg 800w, https:\/\/www.parcduluberon.fr\/wp-content\/uploads\/2022\/08\/dev_tourisme_espace_valleen_perimetre-EV-1024x724.jpeg 1024w, https:\/\/www.parcduluberon.fr\/wp-content\/uploads\/2022\/08\/dev_tourisme_espace_valleen_perimetre-EV.jpeg 1200w\" sizes=\"auto, (max-width: 1200px) 100vw, 1200px\" \/><\/a><\/p>\n<\/div><div class=\"fusion-clearfix\"><\/div>\n\n\t\t\t\t\t<\/div>\n\t\t\t\t<\/div><\/div><\/div><div class=\"fusion-fullwidth fullwidth-box nonhundred-percent-fullwidth non-hundred-percent-height-scrolling\"  style='background-color: rgba(255,255,255,0);background-position: center center;background-repeat: no-repeat;padding-top:30px;padding-right:0px;padding-bottom:0px;padding-left:0px;'><div class=\"fusion-builder-row fusion-row \"><div  class=\"fusion-layout-column fusion_builder_column fusion_builder_column_1_5  fusion-one-fifth fusion-column-first fusion-spacing-no 1_5\"  style='margin-top:0px;margin-bottom:0px;width:20%;width:calc(20% - ( ( 0 ) * 0.2 ) );margin-right: 0px;'>\n\t\t\t\t\t<div class=\"fusion-column-wrapper\" style=\"padding: 0px 0px 0px 0px;background-position:left top;background-repeat:no-repeat;-webkit-background-size:cover;-moz-background-size:cover;-o-background-size:cover;background-size:cover;\"  data-bg-url=\"\">\n\t\t\t\t\t\t<div class=\"fusion-clearfix\"><\/div>\n\n\t\t\t\t\t<\/div>\n\t\t\t\t<\/div><div  class=\"fusion-layout-column fusion_builder_column fusion_builder_column_3_5  fusion-three-fifth fusion-column-last fusion-spacing-no 3_5\"  style='margin-top:0px;margin-bottom:0px;width:60%;width:calc(60% - ( ( 0 ) * 0.6 ) );'>\n\t\t\t\t\t<div class=\"fusion-column-wrapper\" style=\"padding: 0px 0px 0px 0px;background-position:left top;background-repeat:no-repeat;-webkit-background-size:cover;-moz-background-size:cover;-o-background-size:cover;background-size:cover;\"  data-bg-url=\"\">\n\t\t\t\t\t\t<div class=\"fusion-title title fusion-sep-none fusion-title-size-three pnrl-tp-article\" style=\"margin-top:0px;margin-bottom:31px;\"><h3 class=\"title-heading-left\">Quelques r\u00e9alisations soutenues par le programme Espace vall\u00e9en 2021-2027<\/h3><\/div><style type=\"text\/css\" scoped=\"scoped\">.fusion-accordian  #accordion-20683-1 .panel-title a .fa-fusion-box{ color: #ffffff;}.fusion-accordian  #accordion-20683-1 .panel-title a .fa-fusion-box:before{ font-size: 13px; width: 13px;}<\/style><div class=\"accordian fusion-accordian\"><div class=\"panel-group\" id=\"accordion-20683-1\"><div class=\"fusion-panel panel-default\"><div class=\"panel-heading\"><h4 class=\"panel-title toggle\"><a data-toggle=\"collapse\" data-parent=\"#accordion-20683-1\" data-target=\"#5335f1dd174b91fe4\" href=\"#5335f1dd174b91fe4\"><div class=\"fusion-toggle-icon-wrapper\"><i class=\"fa-fusion-box\"><\/i><\/div><div class=\"fusion-toggle-heading\">Axe 1 : \u00ab Les ocres \u00e0 v\u00e9lo \u00bb et \u00ab Gordes \u00e0 v\u00e9lo \u00bb<\/div><\/a><\/h4><\/div><div id=\"5335f1dd174b91fe4\" class=\"panel-collapse collapse \"><div class=\"panel-body toggle-content\">\n<p>L\u2019extension de l\u2019itin\u00e9raire \u00ab Les ocres \u00e0 v\u00e9lo \u00bb et la cr\u00e9ation de \u00ab Gordes \u00e0 v\u00e9lo \u00bb compl\u00e8tent et structurent l\u2019offre d\u2019itin\u00e9raires \u00e0 v\u00e9lo existants sur le territoire, pour constituer une destination \u00ab v\u00e9lo \u00bb en Luberon reconnue au niveau r\u00e9gional, national et au-del\u00e0.<\/p>\n<p>Cr\u00e9\u00e9 en 2000 par le Parc du Luberon et l\u2019association V\u00e9lo Loisir Provence, l\u2019itin\u00e9raire \u00ab Les ocres \u00e0 v\u00e9lo \u00bb conna\u00eet un fort succ\u00e8s aupr\u00e8s des visiteurs et des habitants. Il n\u00e9cessitait toutefois d\u2019\u00eatre repens\u00e9 et modernis\u00e9. En 2012, \u00ab Les ocres \u00e0 v\u00e9lo \u00bb fait l\u2019objet d\u2019une r\u00e9flexion pour mieux valoriser les richesses patrimoniales et naturelles locales. De cette \u00e9tude sont n\u00e9es une application mobile sp\u00e9cifique \u00ab Les ocres \u00e0 v\u00e9lo \u00bb (aujourd\u2019hui remplac\u00e9e par le site www.cheminsdesparcs.fr), permettant de conna\u00eetre l\u2019ensemble des facettes g\u00e9ologiques du massif des Ocres, et une extension de l\u2019itin\u00e9raire permettant de passer de 51 km \u00e0 95 km en l\u2019\u00e9tendant vers l\u2019est et traversant d\u00e9sormais les communes de Gignac, Viens, Saint-Martin-de-Castillon et Caseneuve.<\/p>\n<p>En compl\u00e9ment, la refonte de la signalisation \u00e9tait n\u00e9cessaire et permet d\u00e9sormais, avec la cr\u00e9ation de la boucle \u00ab Gordes \u00e0 v\u00e9lo \u00bb de 69 km, de d\u00e9velopper une offre en lien avec les itin\u00e9raires \u00ab Autour du Luberon \u00bb et \u00ab La v\u00e9loroute du Calavon \u00bb.<\/p>\n<p>Gr\u00e2ce \u00e0 la r\u00e9alisation de ces projets, les itin\u00e9raires \u00ab Les ocres \u00e0 v\u00e9lo \u00bb et \u00ab Gordes \u00e0 v\u00e9lo \u00bb sont signal\u00e9s par de nouveaux panneaux norm\u00e9s permettant une meilleure lisibilit\u00e9 des parcours et am\u00e9liorant sa fr\u00e9quentation. Les parcours s\u2019inscrivent dans la dur\u00e9e avec une fr\u00e9quentation accrue d\u2019itin\u00e9rants \u00e0 v\u00e9lo pour parcourir La M\u00e9diterran\u00e9e \u00e0 v\u00e9lo.<\/p>\n<p><strong>Ma\u00eetrises d\u2019ouvrage : Communaut\u00e9 de communes Pays d\u2019Apt Luberon et Office de tourisme Destination Luberon<\/strong><\/p>\n<p><strong>Co\u00fbt total de l\u2019op\u00e9ration : 81 666 \u20ac<\/strong><br \/>\nMontant total d\u2019aides per\u00e7ues : 66 366 \u20ac<br \/>\nR\u00e9gion (cr\u00e9dits Montagne et Massif Alpin) : 38 400 \u20ac<br \/>\nD\u00e9partement de Vaucluse : 19 800 \u20ac<br \/>\n\u00c9tat (FNADT CIMA) : 8 166 \u20ac<\/p>\n<\/div><\/div><\/div><div class=\"fusion-panel panel-default\"><div class=\"panel-heading\"><h4 class=\"panel-title toggle\"><a data-toggle=\"collapse\" data-parent=\"#accordion-20683-1\" data-target=\"#a4e40cced27ec0a1d\" href=\"#a4e40cced27ec0a1d\"><div class=\"fusion-toggle-icon-wrapper\"><i class=\"fa-fusion-box\"><\/i><\/div><div class=\"fusion-toggle-heading\">Axe 2 : D\u00e9couverte g\u00e9ologique de Montfuron<\/div><\/a><\/h4><\/div><div id=\"a4e40cced27ec0a1d\" class=\"panel-collapse collapse \"><div class=\"panel-body toggle-content\">\n<p>La commune de Montfuron pr\u00e9sente une g\u00e9odiversit\u00e9 remarquable et un point de vue remarquable \u00e0 365\u00b0 entre les Alpes et la M\u00e9diterran\u00e9e. Le village poss\u00e8de des gisements fossilif\u00e8res prot\u00e9g\u00e9s par la R\u00e9serve naturelle g\u00e9ologique du Luberon. Il a un pass\u00e9 d\u2019exploitation du gypse pour la fabrication du pl\u00e2tre dont il reste quelques vestiges sur le terrain et qu\u2019on retrouve dans la toponymie.<\/p>\n<p>Le projet de d\u00e9couverte g\u00e9ologique \u00e0 Montfuron permet aux visiteurs et aux habitants de d\u00e9couvrir l\u2019histoire de Montfuron et l\u2019activit\u00e9 d\u2019exploitation du gypse. Il vise aussi \u00e0 sensibiliser le public \u00e0 la pr\u00e9servation du patrimoine naturel et g\u00e9ologique.<\/p>\n<p>Un sentier de d\u00e9couverte de 5,1 km a \u00e9t\u00e9 am\u00e9nag\u00e9, d\u2019une dur\u00e9e de 1h45, et \u00e9quip\u00e9 de 7 panneaux d\u2019interpr\u00e9tation th\u00e9matiques. Cette r\u00e9alisation vise \u00e0 proposer une nouvelle offre de d\u00e9couverte du territoire, accessible toute l\u2019ann\u00e9e.<\/p>\n<p><strong>Ma\u00eetrise d\u2019ouvrage : commune de Montfuron<\/strong><\/p>\n<p><strong>Co\u00fbt total de l\u2019op\u00e9ration : 12 200 \u20ac<\/strong><br \/>\nMontant total d\u2019aides per\u00e7ues : 9 760 \u20ac<br \/>\n\u00c9tat (FNADT CIMA) : 9 760 \u20ac<\/p>\n<\/div><\/div><\/div><div class=\"fusion-panel panel-default\"><div class=\"panel-heading\"><h4 class=\"panel-title toggle\"><a data-toggle=\"collapse\" data-parent=\"#accordion-20683-1\" data-target=\"#3af9f8b723a5b025c\" href=\"#3af9f8b723a5b025c\"><div class=\"fusion-toggle-icon-wrapper\"><i class=\"fa-fusion-box\"><\/i><\/div><div class=\"fusion-toggle-heading\">Axe 3 : \u00c9tude strat\u00e9gique sur le d\u00e9veloppement ma\u00eetris\u00e9 des sports de nature et activit\u00e9s de pleine nature dans le Parc naturel r\u00e9gional du Luberon<\/div><\/a><\/h4><\/div><div id=\"3af9f8b723a5b025c\" class=\"panel-collapse collapse \"><div class=\"panel-body toggle-content\">\n<p>Le territoire du Parc naturel r\u00e9gional du Luberon est particuli\u00e8rement attractif pour les sports et activit\u00e9s de pleine nature, avec 40 000 \u00e0 60 000 pratiquantes et pratiquants r\u00e9guliers.<\/p>\n<p>Une \u00e9tude, r\u00e9alis\u00e9e par le cabinet-conseil TRACES TPI, copilot\u00e9e par le Parc et associant un ensemble de partenaires institutionnels et socioprofessionnels, a permis de d\u00e9finir collectivement un positionnement et une strat\u00e9gie d\u00e9di\u00e9e au d\u00e9veloppement ma\u00eetris\u00e9 des sports de nature et activit\u00e9s de pleine nature pour la destination \u00e9cotouristique Luberon.<\/p>\n<p>Le travail r\u00e9alis\u00e9 a conduit \u00e0 l\u2019\u00e9laboration d\u2019un plan d\u2019actions. Le constat montre la n\u00e9cessit\u00e9 de pr\u00e9server nos espaces naturels et d\u2019affirmer une destination nature, de rationaliser l\u2019offre pour en am\u00e9liorer la qualit\u00e9 et la rendre plus lisible, structurer un r\u00e9seau d\u2019acteurs encore trop repr\u00e9sent\u00e9 par des unit\u00e9s \u00e9parses.<\/p>\n<p>4 axes de travail ont \u00e9t\u00e9 identifi\u00e9s, qui permettront de r\u00e9pondre aux orientations strat\u00e9giques d\u2019une \u00ab Destination Luberon pleine nature \u00bb, avec une approche int\u00e9gr\u00e9e tourn\u00e9e vers ses habitants et son territoire et la mise en place une gouvernance efficace et agile :<\/p>\n<ol>\n<li>Poursuivre le d\u00e9veloppement ma\u00eetris\u00e9 des sports de nature<\/li>\n<li>Bonifier l\u2019offre trail<\/li>\n<li>S\u2019organiser autour de p\u00f4les de pleine nature<\/li>\n<li>Valoriser une offre handisport nature<\/li>\n<\/ol>\n<p><strong>Ma\u00eetrise d\u2019ouvrage : Parc naturel r\u00e9gional du Luberon<\/strong><\/p>\n<p><strong>Co\u00fbt total de l\u2019op\u00e9ration : 30 000 \u20ac<\/strong><br \/>\nMontant total d\u2019aides per\u00e7ues : 23 948 \u20ac<br \/>\n\u00c9tat (FNADT CIMA) : 11 948 \u20ac<br \/>\n\u00c9tat (Banque des territoires) : 12 000 \u20ac<\/p>\n<\/div><\/div><\/div><\/div><\/div><div class=\"fusion-clearfix\"><\/div>\n\n\t\t\t\t\t<\/div>\n\t\t\t\t<\/div><\/div><\/div><div class=\"fusion-fullwidth fullwidth-box nonhundred-percent-fullwidth non-hundred-percent-height-scrolling\"  style='background-color: rgba(255,255,255,0);background-position: center center;background-repeat: no-repeat;padding-top:30px;padding-right:0px;padding-bottom:0px;padding-left:0px;'><div class=\"fusion-builder-row fusion-row \"><div  class=\"fusion-layout-column fusion_builder_column fusion_builder_column_1_5  fusion-one-fifth fusion-column-first fusion-spacing-no 1_5\"  style='margin-top:0px;margin-bottom:0px;width:20%;width:calc(20% - ( ( 0 ) * 0.2 ) );margin-right: 0px;'>\n\t\t\t\t\t<div class=\"fusion-column-wrapper\" style=\"padding: 0px 0px 0px 0px;background-position:left top;background-repeat:no-repeat;-webkit-background-size:cover;-moz-background-size:cover;-o-background-size:cover;background-size:cover;\"  data-bg-url=\"\">\n\t\t\t\t\t\t<div class=\"fusion-clearfix\"><\/div>\n\n\t\t\t\t\t<\/div>\n\t\t\t\t<\/div><div  class=\"fusion-layout-column fusion_builder_column fusion_builder_column_3_5  fusion-three-fifth fusion-column-last fusion-spacing-no 3_5\"  style='margin-top:0px;margin-bottom:0px;width:60%;width:calc(60% - ( ( 0 ) * 0.6 ) );'>\n\t\t\t\t\t<div class=\"fusion-column-wrapper\" style=\"padding: 0px 0px 0px 0px;background-position:left top;background-repeat:no-repeat;-webkit-background-size:cover;-moz-background-size:cover;-o-background-size:cover;background-size:cover;\"  data-bg-url=\"\">\n\t\t\t\t\t\t<div class=\"fusion-slider-sc flexslider flexslider-hover-type-none\" style=\"max-width:100%;height:100%;\"><ul class=\"slides\"><li class=\"image\"><span class=\"hover-type-none\"><img decoding=\"async\" src=\"https:\/\/www.parcduluberon.fr\/wp-content\/uploads\/2024\/06\/ocres_velo_c_vlp.jpg\" alt=\"Les ocres \u00e0 v\u00e9lo \u00e0 Roussillon\" \/><\/span><div class=\"pnrl-imageslide-container\">ocres_velo_c_vlp<br><span class=\"pnrl-imageframe-span\">(photo VLP)<\/span><\/div><\/li><li class=\"image\"><span class=\"hover-type-none\"><img decoding=\"async\" src=\"https:\/\/www.parcduluberon.fr\/wp-content\/uploads\/2024\/06\/gordes_velo_c_vlp_c_debenath.jpg\" alt=\"Gordes \u00e0 v\u00e9lo (photo VLP-Cl\u00e9mence Debenath)\" \/><\/span><div class=\"pnrl-imageslide-container\">gordes_velo_c_vlp_c_debenath<br><span class=\"pnrl-imageframe-span\">(photo VLP-Cl\u00e9mence Debenath)<\/span><\/div><\/li><li class=\"image\"><span class=\"hover-type-none\"><img decoding=\"async\" src=\"https:\/\/www.parcduluberon.fr\/wp-content\/uploads\/2017\/01\/luberon_a_pied_c_pnrl_eric_garnier.jpg\" \/><\/span><div class=\"pnrl-imageslide-container\">luberon_a_pied_c_pnrl_eric_garnier<br><span class=\"pnrl-imageframe-span\">Le Luberon \u00e0 pied, sur le plateau des Clapar\u00e8des (PNRL-Eric Garnier)<\/span><\/div><\/li><li class=\"image\"><span class=\"hover-type-none\"><img decoding=\"async\" src=\"https:\/\/www.parcduluberon.fr\/wp-content\/uploads\/2017\/04\/via_ferrata_cavaillon_c_pnrl_eric_garnier.jpg\" \/><\/span><div class=\"pnrl-imageslide-container\">Via ferrata sur la Colline St-Jacques<br><span class=\"pnrl-imageframe-span\">\u00a9 PNRL - \u00c9ric Garnier<\/span><\/div><\/li><li class=\"image\"><span class=\"hover-type-none\"><img decoding=\"async\" src=\"https:\/\/www.parcduluberon.fr\/wp-content\/uploads\/2021\/09\/ALL_RIDE_VTT_c_Matthieu_Vitre.jpg\" \/><\/span><div class=\"pnrl-imageslide-container\">HD PNR Luberon 2020<br><span class=\"pnrl-imageframe-span\">HD PNR Luberon 2020<\/span><\/div><\/li><li class=\"image\"><span class=\"hover-type-none\"><img decoding=\"async\" src=\"https:\/\/www.parcduluberon.fr\/wp-content\/uploads\/2017\/01\/luberon_a_cheval_c_droz_photo.jpg\" \/><\/span><div class=\"pnrl-imageslide-container\">luberon_a_cheval_c_droz_photo<br><span class=\"pnrl-imageframe-span\">Le Luberon \u00e0 cheval - Les Mourres (Droz photo)<\/span><\/div><\/li><\/ul><\/div><div class=\"fusion-clearfix\"><\/div>\n\n\t\t\t\t\t<\/div>\n\t\t\t\t<\/div><\/div><\/div><div class=\"fusion-fullwidth fullwidth-box nonhundred-percent-fullwidth non-hundred-percent-height-scrolling\"  style='background-color: rgba(255,255,255,0);background-position: center center;background-repeat: no-repeat;padding-top:30px;padding-right:0px;padding-bottom:0px;padding-left:0px;'><div class=\"fusion-builder-row fusion-row \"><div  class=\"fusion-layout-column fusion_builder_column fusion_builder_column_1_5  fusion-one-fifth fusion-column-first fusion-spacing-no 1_5\"  style='margin-top:0px;margin-bottom:0px;width:20%;width:calc(20% - ( ( 0 ) * 0.2 ) );margin-right: 0px;'>\n\t\t\t\t\t<div class=\"fusion-column-wrapper\" style=\"padding: 0px 0px 0px 0px;background-position:left top;background-repeat:no-repeat;-webkit-background-size:cover;-moz-background-size:cover;-o-background-size:cover;background-size:cover;\"  data-bg-url=\"\">\n\t\t\t\t\t\t<div class=\"fusion-clearfix\"><\/div>\n\n\t\t\t\t\t<\/div>\n\t\t\t\t<\/div><div  class=\"fusion-layout-column fusion_builder_column fusion_builder_column_3_5  fusion-three-fifth fusion-column-last fusion-spacing-no 3_5\"  style='margin-top:0px;margin-bottom:0px;width:60%;width:calc(60% - ( ( 0 ) * 0.6 ) );'>\n\t\t\t\t\t<div class=\"fusion-column-wrapper\" style=\"padding: 0px 0px 0px 0px;background-position:left top;background-repeat:no-repeat;-webkit-background-size:cover;-moz-background-size:cover;-o-background-size:cover;background-size:cover;\"  data-bg-url=\"\">\n\t\t\t\t\t\t<div class=\"fusion-title title fusion-sep-none fusion-title-size-three pnrl-tp-article\" style=\"margin-top:0px;margin-bottom:31px;\"><h3 class=\"title-heading-left\">Bilan \u00e0 mi-parcours du programme Espace vall\u00e9en Luberon-Lure 2021-2027<\/h3><\/div><div class=\"fusion-text\"><p><strong>En janvier 2024, un total de 15 op\u00e9rations a \u00e9t\u00e9 engag\u00e9 depuis le d\u00e9but de la programmation 2021-2027<\/strong> pour un montant global de subventions per\u00e7ues de 925 504 \u20ac (D\u00e9partement, R\u00e9gion, \u00c9tat (FNADT CIMA), Union europ\u00e9enne-FEDER POIA).<\/p>\n<p>Les op\u00e9rations r\u00e9alis\u00e9es depuis 2021 ou en cours de r\u00e9alisation concernent majoritairement des projets en investissement. Les actions soutenues visent des op\u00e9rations d\u2019am\u00e9nagement et d\u2019\u00e9quipement de sites, de structuration d\u2019itin\u00e9raires de d\u00e9couverte, de parcours d\u2019interpr\u00e9tation en faveur de la d\u00e9couverte des patrimoines naturels et culturels du territoire.<\/p>\n<\/div><div class=\"fusion-sep-clear\"><\/div><div class=\"fusion-separator fusion-full-width-sep sep-none\" style=\"margin-left: auto;margin-right: auto;margin-top:0px;margin-bottom:0px;\"><\/div><div class=\"fusion-text\"><p><img alt=\"\" loading=\"lazy\" decoding=\"async\" class=\"aligncenter size-full wp-image-3181153\" src=\"https:\/\/www.parcduluberon.fr\/wp-content\/uploads\/2024\/06\/carte_espace_valleen_2023.jpeg\" alt=\"\" width=\"1200\" height=\"849\" srcset=\"https:\/\/www.parcduluberon.fr\/wp-content\/uploads\/2024\/06\/carte_espace_valleen_2023-200x142.jpeg 200w, https:\/\/www.parcduluberon.fr\/wp-content\/uploads\/2024\/06\/carte_espace_valleen_2023-300x212.jpeg 300w, https:\/\/www.parcduluberon.fr\/wp-content\/uploads\/2024\/06\/carte_espace_valleen_2023-400x283.jpeg 400w, https:\/\/www.parcduluberon.fr\/wp-content\/uploads\/2024\/06\/carte_espace_valleen_2023-600x425.jpeg 600w, https:\/\/www.parcduluberon.fr\/wp-content\/uploads\/2024\/06\/carte_espace_valleen_2023-768x543.jpeg 768w, https:\/\/www.parcduluberon.fr\/wp-content\/uploads\/2024\/06\/carte_espace_valleen_2023-800x566.jpeg 800w, https:\/\/www.parcduluberon.fr\/wp-content\/uploads\/2024\/06\/carte_espace_valleen_2023-1024x724.jpeg 1024w, https:\/\/www.parcduluberon.fr\/wp-content\/uploads\/2024\/06\/carte_espace_valleen_2023.jpeg 1200w\" sizes=\"auto, (max-width: 1200px) 100vw, 1200px\" \/><\/p>\n<\/div><div class=\"fusion-clearfix\"><\/div>\n\n\t\t\t\t\t<\/div>\n\t\t\t\t<\/div><\/div><\/div><div class=\"fusion-fullwidth fullwidth-box nonhundred-percent-fullwidth non-hundred-percent-height-scrolling\"  style='background-color: rgba(255,255,255,0);background-position: center center;background-repeat: no-repeat;padding-top:30px;padding-right:0px;padding-bottom:0px;padding-left:0px;'><div class=\"fusion-builder-row fusion-row \"><div  class=\"fusion-layout-column fusion_builder_column fusion_builder_column_1_5  fusion-one-fifth fusion-column-first fusion-spacing-no 1_5\"  style='margin-top:0px;margin-bottom:0px;width:20%;width:calc(20% - ( ( 0 + 0 ) * 0.2 ) );margin-right: 0px;'>\n\t\t\t\t\t<div class=\"fusion-column-wrapper\" style=\"padding: 0px 0px 0px 0px;background-position:left top;background-repeat:no-repeat;-webkit-background-size:cover;-moz-background-size:cover;-o-background-size:cover;background-size:cover;\"  data-bg-url=\"\">\n\t\t\t\t\t\t<div class=\"fusion-clearfix\"><\/div>\n\n\t\t\t\t\t<\/div>\n\t\t\t\t<\/div><div  class=\"fusion-layout-column fusion_builder_column fusion_builder_column_3_5  fusion-three-fifth fusion-blend-mode fusion-spacing-no 3_5\"  style='margin-top:0px;margin-bottom:0px;width:60%;width:calc(60% - ( ( 0 + 0 ) * 0.6 ) );margin-right: 0px;'>\n\t\t\t\t\t<div class=\"fusion-column-wrapper\" style=\"background-color:rgba(35,99,120,0.12);padding: 20px 4% 20px 4%;background-position:left top;background-repeat:no-repeat;-webkit-background-size:cover;-moz-background-size:cover;-o-background-size:cover;background-size:cover;\"  data-bg-url=\"\">\n\t\t\t\t\t\t<div class=\"fusion-title title fusion-sep-none fusion-title-size-four pnrl-tp-article\" style=\"margin-top:0px;margin-bottom:10px;\"><h4 class=\"title-heading-left\">\u2014 Des projets cofinanc\u00e9s par l\u2019Union europ\u00e9enne, l\u2019\u00c9tat et la R\u00e9gion Sud<\/h4><\/div><div class=\"fusion-text\"><p>L\u2019Espace vall\u00e9en Luberon-Lure est financ\u00e9 dans le cadre du POIA (Programme op\u00e9rationnel interr\u00e9gional pour le Massif alpin), de la CIMA (Convention interr\u00e9gionale du Massif des Alpes) et de la politique r\u00e9gionale de la montagne.<\/p>\n<p>Les op\u00e9rations qui r\u00e9pondent aux enjeux de la strat\u00e9gie Espace vall\u00e9en 2021-2027 sont inscrites au plan d\u2019actions pluriannuel et sont cofinanc\u00e9es par le Feder, l\u2019\u00c9tat (au titre du FNADT) et la R\u00e9gion, sous approbation des membres du comit\u00e9 de pilotage.<\/p>\n<p><strong>Les porteurs de projet peuvent <a href=\"mailto:jean-noel.baudin@parcduluberon.fr\">adresser une demande de subvention<\/a> et s\u2019engagent \u00e0 respecter le cadre de gestion administrative et financi\u00e8re des programmes europ\u00e9ens. <\/strong><\/p>\n<\/div><div class=\"fusion-clearfix\"><\/div>\n\n\t\t\t\t\t<\/div>\n\t\t\t\t<\/div><div  class=\"fusion-layout-column fusion_builder_column fusion_builder_column_1_5  fusion-one-fifth fusion-column-last fusion-spacing-no 1_5\"  style='margin-top:0px;margin-bottom:0px;width:20%;width:calc(20% - ( ( 0 + 0 ) * 0.2 ) );'>\n\t\t\t\t\t<div class=\"fusion-column-wrapper\" style=\"padding: 0px 0px 0px 0px;background-position:left top;background-repeat:no-repeat;-webkit-background-size:cover;-moz-background-size:cover;-o-background-size:cover;background-size:cover;\"  data-bg-url=\"\">\n\t\t\t\t\t\t<div class=\"fusion-clearfix\"><\/div>\n\n\t\t\t\t\t<\/div>\n\t\t\t\t<\/div><\/div><\/div><div class=\"fusion-fullwidth fullwidth-box nonhundred-percent-fullwidth non-hundred-percent-height-scrolling\"  style='background-color: rgba(255,255,255,0);background-position: center center;background-repeat: no-repeat;padding-top:30px;padding-right:0px;padding-bottom:0px;padding-left:0px;'><div class=\"fusion-builder-row fusion-row \"><div  class=\"fusion-layout-column fusion_builder_column fusion_builder_column_1_5  fusion-one-fifth fusion-column-first fusion-spacing-no 1_5\"  style='margin-top:0px;margin-bottom:0px;width:20%;width:calc(20% - ( ( 0 ) * 0.2 ) );margin-right: 0px;'>\n\t\t\t\t\t<div class=\"fusion-column-wrapper\" style=\"padding: 0px 0px 0px 0px;background-position:left top;background-repeat:no-repeat;-webkit-background-size:cover;-moz-background-size:cover;-o-background-size:cover;background-size:cover;\"  data-bg-url=\"\">\n\t\t\t\t\t\t<div class=\"fusion-clearfix\"><\/div>\n\n\t\t\t\t\t<\/div>\n\t\t\t\t<\/div><div  class=\"fusion-layout-column fusion_builder_column fusion_builder_column_3_5  fusion-three-fifth fusion-column-last fusion-spacing-no 3_5\"  style='margin-top:0px;margin-bottom:0px;width:60%;width:calc(60% - ( ( 0 ) * 0.6 ) );'>\n\t\t\t\t\t<div class=\"fusion-column-wrapper\" style=\"padding: 0px 0px 0px 0px;background-position:left top;background-repeat:no-repeat;-webkit-background-size:cover;-moz-background-size:cover;-o-background-size:cover;background-size:cover;\"  data-bg-url=\"\">\n\t\t\t\t\t\t<div class=\"fusion-text\"><p><img alt=\"\" loading=\"lazy\" decoding=\"async\" class=\"size-full wp-image-2695623 aligncenter\" src=\"https:\/\/www.parcduluberon.fr\/wp-content\/uploads\/2023\/12\/logos_espace_valleen_2023.png\" alt=\"\" width=\"720\" height=\"85\" srcset=\"https:\/\/www.parcduluberon.fr\/wp-content\/uploads\/2023\/12\/logos_espace_valleen_2023-200x24.png 200w, https:\/\/www.parcduluberon.fr\/wp-content\/uploads\/2023\/12\/logos_espace_valleen_2023-300x35.png 300w, https:\/\/www.parcduluberon.fr\/wp-content\/uploads\/2023\/12\/logos_espace_valleen_2023-400x47.png 400w, https:\/\/www.parcduluberon.fr\/wp-content\/uploads\/2023\/12\/logos_espace_valleen_2023-600x71.png 600w, https:\/\/www.parcduluberon.fr\/wp-content\/uploads\/2023\/12\/logos_espace_valleen_2023.png 720w\" sizes=\"auto, (max-width: 720px) 100vw, 720px\" \/><\/p>\n<\/div><div class=\"fusion-clearfix\"><\/div>\n\n\t\t\t\t\t<\/div>\n\t\t\t\t<\/div><\/div><\/div><div class=\"fusion-fullwidth fullwidth-box nonhundred-percent-fullwidth non-hundred-percent-height-scrolling\"  style='background-color: rgba(255,255,255,0);background-position: center center;background-repeat: no-repeat;padding-top:30px;padding-right:0px;padding-bottom:0px;padding-left:0px;'><div class=\"fusion-builder-row fusion-row \"><div  class=\"fusion-layout-column fusion_builder_column fusion_builder_column_1_5  fusion-one-fifth fusion-column-first fusion-spacing-no 1_5\"  style='margin-top:0px;margin-bottom:0px;width:20%;width:calc(20% - ( ( 0 ) * 0.2 ) );margin-right: 0px;'>\n\t\t\t\t\t<div class=\"fusion-column-wrapper\" style=\"padding: 0px 0px 0px 0px;background-position:left top;background-repeat:no-repeat;-webkit-background-size:cover;-moz-background-size:cover;-o-background-size:cover;background-size:cover;\"  data-bg-url=\"\">\n\t\t\t\t\t\t<div class=\"fusion-clearfix\"><\/div>\n\n\t\t\t\t\t<\/div>\n\t\t\t\t<\/div><div  class=\"fusion-layout-column fusion_builder_column fusion_builder_column_3_5  fusion-three-fifth fusion-column-last fusion-spacing-no 3_5\"  style='margin-top:0px;margin-bottom:0px;width:60%;width:calc(60% - ( ( 0 ) * 0.6 ) );'>\n\t\t\t\t\t<div class=\"fusion-column-wrapper\" style=\"padding: 0px 0px 0px 0px;background-position:left top;background-repeat:no-repeat;-webkit-background-size:cover;-moz-background-size:cover;-o-background-size:cover;background-size:cover;\"  data-bg-url=\"\">\n\t\t\t\t\t\t<div class=\"fusion-title title fusion-sep-none fusion-title-size-three pnrl-tp-article\" style=\"margin-top:0px;margin-bottom:31px;\"><h3 class=\"title-heading-left\">Bilan de l&#8217;Espace vall\u00e9en Luberon-Lure 2015-2020<\/h3><\/div><div class=\"fusion-text\"><p>32 op\u00e9rations ont \u00e9t\u00e9 financ\u00e9es, pour un montant total d&#8217;aides de 1 264 860 \u20ac.<\/p>\n<p>Des retomb\u00e9es directes pour le territoire \u00e9ligible.<\/p>\n<\/div><div class=\"fusion-sep-clear\"><\/div><div class=\"fusion-separator fusion-full-width-sep sep-none\" style=\"margin-left: auto;margin-right: auto;margin-top:0px;margin-bottom:0px;\"><\/div><ul class=\"fusion-checklist fusion-checklist-2\" style=\"font-size:13px;line-height:22.1px;\"><li class=\"fusion-li-item\"><span style=\"background-color:#607d8b;font-size:11.44px;height:22.1px;width:22.1px;margin-right:9.1px;\" class=\"icon-wrapper circle-yes\"><i class=\"fusion-li-icon fa fa-check\" style=\"color:#ffffff;\"><\/i><\/span><div class=\"fusion-li-item-content\" style=\"margin-left:31.2px;\">\n<p><a href=\"https:\/\/www.parcduluberon.fr\/wp-content\/uploads\/2021\/03\/bilan_copil_EV_LUBERON_LURE_120121.pdf\" target=\"_blank\" rel=\"noopener\">T\u00e9l\u00e9charger le bilan de l&#8217;EV Luberon-Lure au 12 janvier 2021<\/a><\/p>\n<\/div><\/li><\/ul><div class=\"fusion-clearfix\"><\/div>\n\n\t\t\t\t\t<\/div>\n\t\t\t\t<\/div><\/div><\/div><div class=\"fusion-fullwidth fullwidth-box nonhundred-percent-fullwidth non-hundred-percent-height-scrolling\"  style='background-color: rgba(255,255,255,0);background-position: center center;background-repeat: no-repeat;padding-top:30px;padding-right:0px;padding-bottom:0px;padding-left:0px;'><div class=\"fusion-builder-row fusion-row \"><div  class=\"fusion-layout-column fusion_builder_column fusion_builder_column_1_5  fusion-one-fifth fusion-column-first fusion-spacing-no 1_5\"  style='margin-top:0px;margin-bottom:0px;width:20%;width:calc(20% - ( ( 0 ) * 0.2 ) );margin-right: 0px;'>\n\t\t\t\t\t<div class=\"fusion-column-wrapper\" style=\"padding: 0px 0px 0px 0px;background-position:left top;background-repeat:no-repeat;-webkit-background-size:cover;-moz-background-size:cover;-o-background-size:cover;background-size:cover;\"  data-bg-url=\"\">\n\t\t\t\t\t\t<div class=\"fusion-clearfix\"><\/div>\n\n\t\t\t\t\t<\/div>\n\t\t\t\t<\/div><div  class=\"fusion-layout-column fusion_builder_column fusion_builder_column_3_5  fusion-three-fifth fusion-column-last fusion-spacing-no 3_5\"  style='margin-top:0px;margin-bottom:0px;width:60%;width:calc(60% - ( ( 0 ) * 0.6 ) );'>\n\t\t\t\t\t<div class=\"fusion-column-wrapper\" style=\"padding: 0px 0px 0px 0px;background-position:left top;background-repeat:no-repeat;-webkit-background-size:cover;-moz-background-size:cover;-o-background-size:cover;background-size:cover;\"  data-bg-url=\"\">\n\t\t\t\t\t\t<div class=\"fusion-title title fusion-sep-none fusion-title-size-three pnrl-tp-article\" style=\"margin-top:0px;margin-bottom:31px;\"><h3 class=\"title-heading-left\">Quelques r\u00e9alisations 2015-2020<\/h3><\/div><div class=\"fusion-slider-sc flexslider flexslider-hover-type-none\" style=\"max-width:100%;height:100%;\"><ul class=\"slides\"><li class=\"image\"><span class=\"hover-type-none\"><img decoding=\"async\" src=\"https:\/\/www.parcduluberon.fr\/wp-content\/uploads\/2018\/04\/rencontres_tourisme_durable_2018.jpg\" alt=\"Rencontres du tourisme durable 2018 \u00e0 La Tour d&#039;Aigues \u00a9 PNRL - St\u00e9phane Legal\" \/><\/span><div class=\"pnrl-imageslide-container\">Rencontres du tourisme durable 2018 \u00e0 La Tour d'Aigues<br><span class=\"pnrl-imageframe-span\">(photo PNRL-St\u00e9phane Legal)<\/span><\/div><\/li><li class=\"image\"><span class=\"hover-type-none\"><img decoding=\"async\" src=\"https:\/\/www.parcduluberon.fr\/wp-content\/uploads\/2021\/03\/artemisia_museum_c_alain_le_breton.jpg\" alt=\"Artemisia Museum \u00e0 Forcalquier (photo Alain Le Breton)\" \/><\/span><div class=\"pnrl-imageslide-container\">Artemisia Museum \u00e0 Forcalquier<br><span class=\"pnrl-imageframe-span\">(photo Alain Le Breton)<\/span><\/div><\/li><li class=\"image\"><span class=\"hover-type-none\"><img decoding=\"async\" src=\"https:\/\/www.parcduluberon.fr\/wp-content\/uploads\/2021\/03\/oti_apt_c_pnrl.jpg\" alt=\"Am\u00e9nagements int\u00e9rieurs de l&#039;office de tourisme Pays d&#039;Apt Luberon (photo PNRL)\" \/><\/span><div class=\"pnrl-imageslide-container\">Am\u00e9nagements int\u00e9rieurs de l'office de tourisme Pays d'Apt Luberon<br><span class=\"pnrl-imageframe-span\">(photo PNRL)<\/span><\/div><\/li><li class=\"image\"><span class=\"hover-type-none\"><img decoding=\"async\" src=\"https:\/\/www.parcduluberon.fr\/wp-content\/uploads\/2021\/03\/chemins_patrimoine_cabrieres_daigues_c_pnrl.jpg\" alt=\"Chemins du patrimoine \u00e0 Cabri\u00e8res-d&#039;Aigues (photo PNRL)\" \/><\/span><div class=\"pnrl-imageslide-container\">Chemins du patrimoine \u00e0 Cabri\u00e8res-d'Aigues<br><span class=\"pnrl-imageframe-span\">(photo PNRL)<\/span><\/div><\/li><\/ul><\/div><div class=\"fusion-sep-clear\"><\/div><div class=\"fusion-separator fusion-full-width-sep sep-none\" style=\"margin-left: auto;margin-right: auto;margin-top:0px;margin-bottom:0px;\"><\/div><div class=\"fusion-text\"><p>Le programme Espace vall\u00e9en 2015-2020 a contribu\u00e9 \u00e0 la r\u00e9alisation de nouveaux am\u00e9nagements, de nouveaux \u00e9quipements et d&#8217;\u00e9v\u00e9nementiels sur le territoire, et notamment :<\/p>\n<ul>\n<li>Organisation des Rencontres du tourisme durable 2017 \u00e0 Caseneuve, 2018 \u00e0 La Tour d&#8217;Aigues et 2019 \u00e0 Bonnieux. <a href=\"https:\/\/www.parcduluberon.fr\/un-quotidien-a-preserver\/developpement-economique\/tourisme\/rencontres-tourisme-durable\/\" target=\"_blank\" rel=\"noopener\">Voir les documents et comptes rendus<\/a><\/li>\n<li>Organisation des Sons du Lub en 2016 \u00e0 Beaumont-de-Pertuis.<\/li>\n<li>Organisation de la F\u00eate de l&#8217;ocre-Objectif Grand Site 2017 dans le pays d&#8217;Apt.<\/li>\n<li>Cr\u00e9ation et inauguration d&#8217;Artemisia Mus\u00e9um \u00e0 Forcalquier.<\/li>\n<li>Am\u00e9nagements int\u00e9rieurs de l&#8217;office de tourisme intercommunal Pays d&#8217;Apt Luberon.<\/li>\n<li>Valorisation d&#8217;un parcours d\u00e9couverte &#8220;Chemins du patrimoine&#8221; \u00e0 Cabri\u00e8res-d&#8217;Aigues.<\/li>\n<li>Valorisation patrimoniale de la citadelle de Forcalquier.<\/li>\n<li>R\u00e9habilitation du four \u00e0 chaux \u00e0 Dauphin, par Alpes de Lumi\u00e8re.<\/li>\n<li>Diversification de la station de Lure avec la cr\u00e9ation d&#8217;un circuit th\u00e9matique sur la pratique de la cueillette d&#8217;hier \u00e0 aujourd&#8217;hui.<\/li>\n<li>Valorisation des g\u00e9osites majeurs du Luberon G\u00e9oparc mondial UNESCO.<\/li>\n<li>Cr\u00e9ation de l&#8217;Espace VTT Provence Luberon Lure.<\/li>\n<li>D\u00e9veloppement d&#8217;itin\u00e9raires v\u00e9lo autour de Gordes.<\/li>\n<li>Augmentation des contenus sur le site <a href=\"https:\/\/www.cheminsdesparcs.fr\/?categories=T1&amp;categories=T2&amp;categories=T3&amp;categories=T4&amp;districts=4\" target=\"_blank\" rel=\"noopener\">www.cheminsdesparcs.fr<\/a> et cr\u00e9ation de supports de communication.<\/li>\n<\/ul>\n<\/div><div class=\"fusion-clearfix\"><\/div>\n\n\t\t\t\t\t<\/div>\n\t\t\t\t<\/div><\/div><\/div><div class=\"fusion-fullwidth fullwidth-box nonhundred-percent-fullwidth non-hundred-percent-height-scrolling\"  style='background-color: rgba(255,255,255,0);background-position: center center;background-repeat: no-repeat;padding-top:50px;padding-right:4%;padding-bottom:0px;padding-left:4%;'><div class=\"fusion-builder-row fusion-row \"><div  class=\"fusion-layout-column fusion_builder_column fusion_builder_column_1_3  fusion-one-third fusion-column-first 1_3\"  style='margin-top:0px;margin-bottom:0px;width:33.33%;width:calc(33.33% - ( ( 4% + 4% ) * 0.3333 ) );margin-right: 4%;'>\n\t\t\t\t\t<div class=\"fusion-column-wrapper\" style=\"padding: 0px 0px 0px 0px;background-position:left top;background-repeat:no-repeat;-webkit-background-size:cover;-moz-background-size:cover;-o-background-size:cover;background-size:cover;\"  data-bg-url=\"\">\n\t\t\t\t\t\t<style type='text\/css'>.reading-box-container-1 .element-bottomshadow:before,.reading-box-container-1 .element-bottomshadow:after{opacity:0.7;}<\/style><div class=\"fusion-reading-box-container reading-box-container-1 pnrl-tagline-blanc\" style=\"margin-top:;margin-bottom:84px;\"><div class=\"reading-box reading-box-center element-bottomshadow\" style=\"background-color:#23637c;border-width:0px;border-color:#f6f6f6;border-style:solid;\"><h2>L'ESSENTIEL<br \/>\n\u2014<\/h2><div class=\"reading-box-additional fusion-reading-box-additional\">\n<p>La strat\u00e9gie Espace vall\u00e9en Luberon-Lure 2021-2027 :<br \/>\n&gt; Mobilisation des diff\u00e9rents bassins touristiques vers une destination \u00e9cotouristique Luberon<br \/>\n&gt; Un programme europ\u00e9en pour le tourisme<br \/>\n&gt; Une diversification de la strat\u00e9gie touristique<\/p>\n<\/div><div class=\"fusion-clearfix\"><\/div><\/div><\/div><div class=\"fusion-clearfix\"><\/div>\n\n\t\t\t\t\t<\/div>\n\t\t\t\t<\/div><div  class=\"fusion-layout-column fusion_builder_column fusion_builder_column_1_3  fusion-one-third 1_3\"  style='margin-top:0px;margin-bottom:0px;width:33.33%;width:calc(33.33% - ( ( 4% + 4% ) * 0.3333 ) );margin-right: 4%;'>\n\t\t\t\t\t<div class=\"fusion-column-wrapper\" style=\"padding: 0px 0px 0px 0px;background-position:left top;background-repeat:no-repeat;-webkit-background-size:cover;-moz-background-size:cover;-o-background-size:cover;background-size:cover;\"  data-bg-url=\"\">\n\t\t\t\t\t\t<style type='text\/css'>.reading-box-container-2 .element-bottomshadow:before,.reading-box-container-2 .element-bottomshadow:after{opacity:0.7;}<\/style><div class=\"fusion-reading-box-container reading-box-container-2 pnrl-tagline-bleu\" style=\"margin-top:0px;margin-bottom:84px;\"><div class=\"reading-box reading-box-center element-bottomshadow\" style=\"background-color:#f6f6f6;border-width:0px;border-color:#f6f6f6;border-style:solid;\"><h2>PLUS D'INFOS<br \/>\n\u2014<\/h2><div class=\"reading-box-additional fusion-reading-box-additional\">\n<p>&gt; Voir le <a href=\"https:\/\/www.collecti.cc\/reseau-espaces-valleens\/?PagePrincipale\" target=\"_blank\" rel=\"noopener\">site du r\u00e9seau des espaces vall\u00e9ens<\/a><br \/>\n&gt; Voir les rencontres du tourisme durable 2023<br \/>\n&gt; Voir <a href=\"https:\/\/www.parcduluberon.fr\/un-quotidien-a-preserver\/developpement-economique\/tourisme\/rencontres-tourisme-durable\/\" target=\"_blank\" rel=\"noopener\">les rencontres du tourisme durable en Luberon-Lure 2017, 2018, 2019<\/a><br \/>\n&gt; Lire <a href=\"https:\/\/www.bleu-tomate.fr\/luberon-et-lure-le-choix-dun-tourisme-plus-durable\/\" target=\"_blank\" rel=\"noopener\">l&#8217;article de Bleu Tomate sur les Rencontre du tourisme durable 2019<\/a><\/p>\n<\/div><div class=\"fusion-clearfix\"><\/div><\/div><\/div><div class=\"fusion-clearfix\"><\/div>\n\n\t\t\t\t\t<\/div>\n\t\t\t\t<\/div><div  class=\"fusion-layout-column fusion_builder_column fusion_builder_column_1_3  fusion-one-third fusion-column-last 1_3\"  style='margin-top:0px;margin-bottom:0px;width:33.33%;width:calc(33.33% - ( ( 4% + 4% ) * 0.3333 ) );'>\n\t\t\t\t\t<div class=\"fusion-column-wrapper\" style=\"padding: 0px 0px 0px 0px;background-position:left top;background-repeat:no-repeat;-webkit-background-size:cover;-moz-background-size:cover;-o-background-size:cover;background-size:cover;\"  data-bg-url=\"\">\n\t\t\t\t\t\t<style type='text\/css'>.reading-box-container-3 .element-bottomshadow:before,.reading-box-container-3 .element-bottomshadow:after{opacity:0.8;}<\/style><div class=\"fusion-reading-box-container reading-box-container-3 pnrl-tagline-blanc\" style=\"margin-top:0px;margin-bottom:84px;\"><div class=\"reading-box reading-box-center element-bottomshadow\" style=\"background-color:#b09b8e;border-width:0px;border-color:#f6f6f6;border-style:solid;\"><h2>CONTACTEZ-NOUS<br \/>\n\u2014<\/h2><div class=\"reading-box-additional fusion-reading-box-additional\">\n<p style=\"text-align: left;\"><strong>P\u00f4le Agriculture et Tourisme durables, \u00c9conomie responsable<\/strong><br \/>\nMaison du Parc<br \/>\n60, place Jean Jaur\u00e8s &#8211; 84400 Apt<br \/>\n&gt; <a href=\"mailto:jean-noel.baudin@parcduluberon.fr\">envoyer un mail<\/a><br \/>\n&gt; 04 90 04 42 00<\/p>\n<\/div><div class=\"fusion-clearfix\"><\/div><\/div><\/div><div class=\"fusion-clearfix\"><\/div>\n\n\t\t\t\t\t<\/div>\n\t\t\t\t<\/div><\/div><\/div><div class=\"fusion-fullwidth fullwidth-box nonhundred-percent-fullwidth non-hundred-percent-height-scrolling\"  style='background-color: rgba(255,255,255,0);background-position: center center;background-repeat: no-repeat;padding-top:0px;padding-right:0px;padding-bottom:0px;padding-left:0px;'><div class=\"fusion-builder-row fusion-row \"><div  class=\"fusion-layout-column fusion_builder_column fusion_builder_column_1_5  fusion-one-fifth fusion-column-first fusion-spacing-no 1_5\"  style='margin-top:0px;margin-bottom:0px;width:20%;width:calc(20% - ( ( 0 + 0 ) * 0.2 ) );margin-right: 0px;'>\n\t\t\t\t\t<div class=\"fusion-column-wrapper\" style=\"padding: 0px 0px 0px 0px;background-position:left top;background-repeat:no-repeat;-webkit-background-size:cover;-moz-background-size:cover;-o-background-size:cover;background-size:cover;\"  data-bg-url=\"\">\n\t\t\t\t\t\t<div class=\"fusion-clearfix\"><\/div>\n\n\t\t\t\t\t<\/div>\n\t\t\t\t<\/div><div  class=\"fusion-layout-column fusion_builder_column fusion_builder_column_3_5  fusion-three-fifth fusion-spacing-no 3_5\"  style='margin-top:0px;margin-bottom:0px;width:60%;width:calc(60% - ( ( 0 + 0 ) * 0.6 ) );margin-right: 0px;'>\n\t\t\t\t\t<div class=\"fusion-column-wrapper\" style=\"padding: 0px 0px 0px 0px;background-position:left top;background-repeat:no-repeat;-webkit-background-size:cover;-moz-background-size:cover;-o-background-size:cover;background-size:cover;\"  data-bg-url=\"\">\n\t\t\t\t\t\t<div class=\"fusion-text\"><h6 style=\"text-align: center;\">Photo du bandeau : Amandiers en fleurs \u00e0 Goult et plaine du Calavon (Philippe Clin)<\/h6>\n<\/div><div class=\"fusion-clearfix\"><\/div>\n\n\t\t\t\t\t<\/div>\n\t\t\t\t<\/div><div  class=\"fusion-layout-column fusion_builder_column fusion_builder_column_1_5  fusion-one-fifth fusion-column-last 1_5\"  style='margin-top:0px;margin-bottom:0px;width:20%;width:calc(20% - ( ( 0 + 0 ) * 0.2 ) );'>\n\t\t\t\t\t<div class=\"fusion-column-wrapper\" style=\"padding: 0px 0px 0px 0px;background-position:left top;background-repeat:no-repeat;-webkit-background-size:cover;-moz-background-size:cover;-o-background-size:cover;background-size:cover;\"  data-bg-url=\"\">\n\t\t\t\t\t\t<div class=\"fusion-clearfix\"><\/div>\n\n\t\t\t\t\t<\/div>\n\t\t\t\t<\/div><\/div><\/div><div class=\"fusion-fullwidth fullwidth-box nonhundred-percent-fullwidth non-hundred-percent-height-scrolling\"  style='background-color: rgba(255,255,255,0);background-position: center center;background-repeat: no-repeat;padding-top:0px;padding-right:0px;padding-bottom:0px;padding-left:0px;'><div class=\"fusion-builder-row fusion-row \"><div  class=\"fusion-layout-column fusion_builder_column fusion_builder_column_1_1  fusion-one-full fusion-column-first fusion-column-last 1_1\"  style='margin-top:0px;margin-bottom:0px;'>\n\t\t\t\t\t<div class=\"fusion-column-wrapper\" style=\"padding: 0px 0px 0px 0px;background-position:left top;background-repeat:no-repeat;-webkit-background-size:cover;-moz-background-size:cover;-o-background-size:cover;background-size:cover;\"  data-bg-url=\"\">\n\t\t\t\t\t\t<div class=\"share-box fusion-sharing-box\" style=\"background-color:#edeae7;\"><h4 class=\"tagline\" style=\"color:#333333;\">Vous aimez cet article, partagez-le !<\/h4><div class=\"fusion-social-networks\"><a class=\"fusion-social-network-icon fusion-tooltip fusion-facebook fusion-icon-facebook\" href=\"https:\/\/www.facebook.com\/sharer.php?u=&amp;t=\" target=\"_blank\" style=\"color:#bebdbd;\" data-placement=\"top\" data-title=\"Facebook\" title=\"Facebook\" aria-label=\"Facebook\" data-toggle=\"tooltip\"><\/a><a class=\"fusion-social-network-icon fusion-tooltip fusion-twitter fusion-icon-twitter\" href=\"https:\/\/twitter.com\/share?text=&amp;url=\" target=\"_blank\" rel=\"noopener noreferrer\" style=\"color:#bebdbd;\" data-placement=\"top\" data-title=\"Twitter\" title=\"Twitter\" aria-label=\"Twitter\" data-toggle=\"tooltip\"><\/a><a class=\"fusion-social-network-icon fusion-tooltip fusion-linkedin fusion-icon-linkedin\" href=\"https:\/\/www.linkedin.com\/shareArticle?mini=true&amp;url=&amp;title=&amp;summary=\" target=\"_blank\" rel=\"noopener noreferrer\" style=\"color:#bebdbd;\" data-placement=\"top\" data-title=\"Linkedin\" title=\"Linkedin\" aria-label=\"Linkedin\" data-toggle=\"tooltip\"><\/a><a class=\"fusion-social-network-icon fusion-tooltip fusion-reddit fusion-icon-reddit\" href=\"http:\/\/reddit.com\/submit?url=&amp;title=\" target=\"_blank\" rel=\"noopener noreferrer\" style=\"color:#bebdbd;\" data-placement=\"top\" data-title=\"Reddit\" title=\"Reddit\" aria-label=\"Reddit\" data-toggle=\"tooltip\"><\/a><a class=\"fusion-social-network-icon fusion-tooltip fusion-tumblr fusion-icon-tumblr\" href=\"http:\/\/www.tumblr.com\/share\/link?url=&amp;name=&amp;description=\" target=\"_blank\" rel=\"noopener noreferrer\" style=\"color:#bebdbd;\" data-placement=\"top\" data-title=\"Tumblr\" title=\"Tumblr\" aria-label=\"Tumblr\" data-toggle=\"tooltip\"><\/a><a class=\"fusion-social-network-icon fusion-tooltip fusion-googleplus fusion-icon-googleplus\" onclick=\"javascript:window.open(this.href,&#039;&#039;, &#039;menubar=no,toolbar=no,resizable=yes,scrollbars=yes,height=600,width=600&#039;);return false;\" href=\"https:\/\/plus.google.com\/share?url=\" target=\"_blank\" rel=\"noopener noreferrer\" style=\"color:#bebdbd;\" data-placement=\"top\" data-title=\"Google+\" title=\"Google+\" aria-label=\"Google+\" data-toggle=\"tooltip\"><\/a><a class=\"fusion-social-network-icon fusion-tooltip fusion-pinterest fusion-icon-pinterest\" href=\"http:\/\/pinterest.com\/pin\/create\/button\/?url=&amp;description=&amp;media=\" target=\"_blank\" rel=\"noopener noreferrer\" style=\"color:#bebdbd;\" data-placement=\"top\" data-title=\"Pinterest\" title=\"Pinterest\" aria-label=\"Pinterest\" data-toggle=\"tooltip\"><\/a><a class=\"fusion-social-network-icon fusion-tooltip fusion-vk fusion-icon-vk\" href=\"http:\/\/vkontakte.ru\/share.php?url=&amp;title=&amp;description=\" target=\"_blank\" rel=\"noopener noreferrer\" style=\"color:#bebdbd;\" data-placement=\"top\" data-title=\"Vk\" title=\"Vk\" aria-label=\"Vk\" data-toggle=\"tooltip\"><\/a><a class=\"fusion-social-network-icon fusion-tooltip fusion-mail fusion-icon-mail\" href=\"mailto:?subject=&amp;body=\" target=\"_self\" style=\"color:#bebdbd;\" data-placement=\"top\" data-title=\"Mail\" title=\"Mail\" aria-label=\"Mail\" data-toggle=\"tooltip\"><\/a><\/div><\/div><div class=\"fusion-clearfix\"><\/div>\n\n\t\t\t\t\t<\/div>\n\t\t\t\t<\/div><\/div><\/div><div class=\"fusion-fullwidth fullwidth-box nonhundred-percent-fullwidth non-hundred-percent-height-scrolling\"  style='background-color: rgba(255,255,255,0);background-position: center center;background-repeat: no-repeat;padding-top:10px;padding-right:4%;padding-bottom:0px;padding-left:4%;'><div class=\"fusion-builder-row fusion-row \"><div  class=\"fusion-layout-column fusion_builder_column fusion_builder_column_1_1  fusion-one-full fusion-column-first fusion-column-last 1_1\"  style='margin-top:0px;margin-bottom:0px;'>\n\t\t\t\t\t<div class=\"fusion-column-wrapper\" style=\"padding: 0px 0px 0px 0px;background-position:left top;background-repeat:no-repeat;-webkit-background-size:cover;-moz-background-size:cover;-o-background-size:cover;background-size:cover;\"  data-bg-url=\"\">\n\t\t\t\t\t\t<div class=\"fusion-title title fusion-sep-none fusion-title-size-two\" style=\"margin-top:0px;margin-bottom:15px;\"><h2 class=\"title-heading-left\"><span style=\"color: #23637c; font-size: 22px;\">\u2014 Vous aimerez aussi\u2026<\/span><\/h2><\/div><div class=\"fusion-text\"><div id=\"wp-posts-carousel-1397040641\" class=\"light-theme wp-posts-carousel owl-carousel\"><div class=\"wp-posts-carousel-slide slides-4\"><div class=\"wp-posts-carousel-container\"><div class=\"wp-posts-carousel-image\"><a href=\"https:\/\/www.parcduluberon.fr\/en\/a-territory-into-action\/unesco-labels\/geoparc-du-luberon-en\/about-our-geopark\/\" title=\"Read more About our geopark\"><img decoding=\"async\" alt=\"About our geopark\" style=\"max-width:100%;max-height:100%\" src=\"https:\/\/www.parcduluberon.fr\/wp-content\/uploads\/2017\/04\/BAN_marches_publics_c_pnrl_matthieu_camps-460x295.jpg\"><\/a><\/div><div class=\"wp-posts-carousel-details\"><h3 class=\"wp-posts-carousel-title\"><a href=\"https:\/\/www.parcduluberon.fr\/en\/a-territory-into-action\/unesco-labels\/geoparc-du-luberon-en\/about-our-geopark\/\" title=\"About our geopark\">About our geopark<\/a><\/h3><a href=\"https:\/\/www.parcduluberon.fr\/en\/a-territory-into-action\/unesco-labels\/geoparc-du-luberon-en\/about-our-geopark\/\" title=\"Read more About our geopark\"><div class=\"wp-posts-carousel-desc\"><span class=\"pnrl-separator\"><\/span><br>The Luberon UNESCO Global Geopark is located in the southeast of France, in Provence, close to the towns of Aix-en-Provence and Avignon....<\/div><\/a><p class=\"wp-posts-carousel-buttons\"><p><\/div><\/div><\/div><div class=\"wp-posts-carousel-slide slides-4\"><div class=\"wp-posts-carousel-container\"><div class=\"wp-posts-carousel-image\"><a href=\"https:\/\/www.parcduluberon.fr\/en\/le-parc\/geoparc-du-luberon\/geoparcs-toutes-lettres\/\" title=\"Read more G\u00e9oparcs en toutes lettres\"><img decoding=\"async\" alt=\"G\u00e9oparcs en toutes lettres\" style=\"max-width:100%;max-height:100%\" src=\"https:\/\/www.parcduluberon.fr\/wp-content\/uploads\/2017\/05\/BAN_cadenet_c_pnrl_stephane_legal-460x295.jpg\"><\/a><\/div><div class=\"wp-posts-carousel-details\"><h3 class=\"wp-posts-carousel-title\"><a href=\"https:\/\/www.parcduluberon.fr\/en\/le-parc\/geoparc-du-luberon\/geoparcs-toutes-lettres\/\" title=\"G\u00e9oparcs en toutes lettres\">G\u00e9oparcs en toutes lettres<\/a><\/h3><a href=\"https:\/\/www.parcduluberon.fr\/en\/le-parc\/geoparc-du-luberon\/geoparcs-toutes-lettres\/\" title=\"Read more G\u00e9oparcs en toutes lettres\"><div class=\"wp-posts-carousel-desc\"><span class=\"pnrl-separator\"><\/span><br>Un projet de correspondance scolaire...<\/div><\/a><p class=\"wp-posts-carousel-buttons\"><p><\/div><\/div><\/div><div class=\"wp-posts-carousel-slide slides-4\"><div class=\"wp-posts-carousel-container\"><div class=\"wp-posts-carousel-image\"><a href=\"https:\/\/www.parcduluberon.fr\/en\/nos-actions\/developpement-economique\/agriculture\/le-pastoralisme-en-luberon\/\" title=\"Read more Le pastoralisme en Luberon\"><img decoding=\"async\" alt=\"Le pastoralisme en Luberon\" style=\"max-width:100%;max-height:100%\" src=\"https:\/\/www.parcduluberon.fr\/wp-content\/uploads\/2026\/01\/BAN_pastoralisme_pnrl_lcar-460x295.jpg\"><\/a><\/div><div class=\"wp-posts-carousel-details\"><h3 class=\"wp-posts-carousel-title\"><a href=\"https:\/\/www.parcduluberon.fr\/en\/nos-actions\/developpement-economique\/agriculture\/le-pastoralisme-en-luberon\/\" title=\"Le pastoralisme en Luberon\">Le pastoralisme en Luberon<\/a><\/h3><a href=\"https:\/\/www.parcduluberon.fr\/en\/nos-actions\/developpement-economique\/agriculture\/le-pastoralisme-en-luberon\/\" title=\"Read more Le pastoralisme en Luberon\"><div class=\"wp-posts-carousel-desc\"><span class=\"pnrl-separator\"><\/span><br>Soutenir et valoriser le pastoralisme, activit\u00e9 embl\u00e9matique du Luberon...<\/div><\/a><p class=\"wp-posts-carousel-buttons\"><p><\/div><\/div><\/div><div class=\"wp-posts-carousel-slide slides-4\"><div class=\"wp-posts-carousel-container\"><div class=\"wp-posts-carousel-image\"><a href=\"https:\/\/www.parcduluberon.fr\/en\/nos-actions\/developpement-economique\/agriculture\/pna-alimentation-mediterraneenne\/\" title=\"Read more Projet \"L\u2019alimentation m\u00e9diterran\u00e9enne au c\u0153ur des transitions agro\u00e9cologiques\"\"><img decoding=\"async\" alt=\"Projet \"L\u2019alimentation m\u00e9diterran\u00e9enne au c\u0153ur des transitions agro\u00e9cologiques\"\" style=\"max-width:100%;max-height:100%\" src=\"https:\/\/www.parcduluberon.fr\/wp-content\/uploads\/2025\/01\/BAN_marche_pnrI_mona_espanel-460x295.jpg\"><\/a><\/div><div class=\"wp-posts-carousel-details\"><h3 class=\"wp-posts-carousel-title\"><a href=\"https:\/\/www.parcduluberon.fr\/en\/nos-actions\/developpement-economique\/agriculture\/pna-alimentation-mediterraneenne\/\" title=\"Projet \"L\u2019alimentation m\u00e9diterran\u00e9enne au c\u0153ur des transitions agro\u00e9cologiques\"\">Projet \"L\u2019alimentation m\u00e9diterran\u00e9enne au c\u0153ur des transitions agro\u00e9cologiques\"<\/a><\/h3><a href=\"https:\/\/www.parcduluberon.fr\/en\/nos-actions\/developpement-economique\/agriculture\/pna-alimentation-mediterraneenne\/\" title=\"Read more Projet \"L\u2019alimentation m\u00e9diterran\u00e9enne au c\u0153ur des transitions agro\u00e9cologiques\"\"><div class=\"wp-posts-carousel-desc\"><span class=\"pnrl-separator\"><\/span><br>T\u00e9l\u00e9chargements de la journ\u00e9e de restitution du projet \u00ab L\u2019alimentation m\u00e9diterran\u00e9enne au c\u0153ur des transitions agro\u00e9cologiques \u00bb le 9 septembre 2025...<\/div><\/a><p class=\"wp-posts-carousel-buttons\"><p><\/div><\/div><\/div><div class=\"wp-posts-carousel-slide slides-4\"><div class=\"wp-posts-carousel-container\"><div class=\"wp-posts-carousel-image\"><a href=\"https:\/\/www.parcduluberon.fr\/en\/le-parc\/institution\/dotation-amenites-rurales-luberon\/\" title=\"Read more Dotation am\u00e9nit\u00e9s rurales pour le Luberon\"><img decoding=\"async\" alt=\"Dotation am\u00e9nit\u00e9s rurales pour le Luberon\" style=\"max-width:100%;max-height:100%\" src=\"https:\/\/www.parcduluberon.fr\/wp-content\/uploads\/2024\/08\/cretes_2021_c_pnrl_francoise_boulet-460x295.jpg\"><\/a><\/div><div class=\"wp-posts-carousel-details\"><h3 class=\"wp-posts-carousel-title\"><a href=\"https:\/\/www.parcduluberon.fr\/en\/le-parc\/institution\/dotation-amenites-rurales-luberon\/\" title=\"Dotation am\u00e9nit\u00e9s rurales pour le Luberon\">Dotation am\u00e9nit\u00e9s rurales pour le Luberon<\/a><\/h3><a href=\"https:\/\/www.parcduluberon.fr\/en\/le-parc\/institution\/dotation-amenites-rurales-luberon\/\" title=\"Read more Dotation am\u00e9nit\u00e9s rurales pour le Luberon\"><div class=\"wp-posts-carousel-desc\"><span class=\"pnrl-separator\"><\/span><br>66 communes b\u00e9n\u00e9ficiaires de la dotation am\u00e9nit\u00e9s rurales...<\/div><\/a><p class=\"wp-posts-carousel-buttons\"><p><\/div><\/div><\/div><div class=\"wp-posts-carousel-slide slides-4\"><div class=\"wp-posts-carousel-container\"><div class=\"wp-posts-carousel-image\"><a href=\"https:\/\/www.parcduluberon.fr\/en\/a-territory-into-action\/geologic-nature-reserve-en\/national-geologic-reserve-of-luberon\/\" title=\"Read more National Geologic Reserve of Luberon\"><img decoding=\"async\" alt=\"National Geologic Reserve of Luberon\" style=\"max-width:100%;max-height:100%\" src=\"https:\/\/www.parcduluberon.fr\/wp-content\/uploads\/2019\/05\/bandeau_rng_luberon-460x295.jpg\"><\/a><\/div><div class=\"wp-posts-carousel-details\"><h3 class=\"wp-posts-carousel-title\"><a href=\"https:\/\/www.parcduluberon.fr\/en\/a-territory-into-action\/geologic-nature-reserve-en\/national-geologic-reserve-of-luberon\/\" title=\"National Geologic Reserve of Luberon\">National Geologic Reserve of Luberon<\/a><\/h3><a href=\"https:\/\/www.parcduluberon.fr\/en\/a-territory-into-action\/geologic-nature-reserve-en\/national-geologic-reserve-of-luberon\/\" title=\"Read more National Geologic Reserve of Luberon\"><div class=\"wp-posts-carousel-desc\"><span class=\"pnrl-separator\"><\/span><br>The Luberon Nature Reserve territory is internationally recognized as an area of significant importance for paleontology since the nineteenth century....<\/div><\/a><p class=\"wp-posts-carousel-buttons\"><p><\/div><\/div><\/div><div class=\"wp-posts-carousel-slide slides-4\"><div class=\"wp-posts-carousel-container\"><div class=\"wp-posts-carousel-image\"><a href=\"https:\/\/www.parcduluberon.fr\/en\/nos-actions\/education-au-territoire\/programme-dactions-educatives\/aires-terrestres-educatives-ate-en-luberon\/\" title=\"Read more Aires Terrestres \u00c9ducatives (ATE) en Luberon\"><img decoding=\"async\" alt=\"Aires Terrestres \u00c9ducatives (ATE) en Luberon\" style=\"max-width:100%;max-height:100%\" src=\"https:\/\/www.parcduluberon.fr\/wp-content\/uploads\/2025\/08\/BAN_InaugurationVirginiereATE-460x295.jpg\"><\/a><\/div><div class=\"wp-posts-carousel-details\"><h3 class=\"wp-posts-carousel-title\"><a href=\"https:\/\/www.parcduluberon.fr\/en\/nos-actions\/education-au-territoire\/programme-dactions-educatives\/aires-terrestres-educatives-ate-en-luberon\/\" title=\"Aires Terrestres \u00c9ducatives (ATE) en Luberon\">Aires Terrestres \u00c9ducatives (ATE) en Luberon<\/a><\/h3><a href=\"https:\/\/www.parcduluberon.fr\/en\/nos-actions\/education-au-territoire\/programme-dactions-educatives\/aires-terrestres-educatives-ate-en-luberon\/\" title=\"Read more Aires Terrestres \u00c9ducatives (ATE) en Luberon\"><div class=\"wp-posts-carousel-desc\"><span class=\"pnrl-separator\"><\/span><br>Zoom sur les ATE (aires terrestres \u00e9ducatives&quot; dans le Parc du Luberon....<\/div><\/a><p class=\"wp-posts-carousel-buttons\"><p><\/div><\/div><\/div><div class=\"wp-posts-carousel-slide slides-4\"><div class=\"wp-posts-carousel-container\"><div class=\"wp-posts-carousel-image\"><a href=\"https:\/\/www.parcduluberon.fr\/en\/nos-actions\/milieux-naturels-et-biodiversite\/gestion-sites-naturels\/ens-zones-humides-calavon\/\" title=\"Read more ENS \"Les zones humides du Calavon aval\"\"><img decoding=\"async\" alt=\"ENS \"Les zones humides du Calavon aval\"\" style=\"max-width:100%;max-height:100%\" src=\"https:\/\/www.parcduluberon.fr\/wp-content\/uploads\/2025\/08\/BAN_ens_calavon_david_tatin-460x295.jpg\"><\/a><\/div><div class=\"wp-posts-carousel-details\"><h3 class=\"wp-posts-carousel-title\"><a href=\"https:\/\/www.parcduluberon.fr\/en\/nos-actions\/milieux-naturels-et-biodiversite\/gestion-sites-naturels\/ens-zones-humides-calavon\/\" title=\"ENS \"Les zones humides du Calavon aval\"\">ENS \"Les zones humides du Calavon aval\"<\/a><\/h3><a href=\"https:\/\/www.parcduluberon.fr\/en\/nos-actions\/milieux-naturels-et-biodiversite\/gestion-sites-naturels\/ens-zones-humides-calavon\/\" title=\"Read more ENS \"Les zones humides du Calavon aval\"\"><div class=\"wp-posts-carousel-desc\"><span class=\"pnrl-separator\"><\/span><br>L\u2019espace naturel sensible (ENS) \u00ab Les zones humides du Calavon aval \u00bb concerne six sites de la rivi\u00e8re Calavon r\u00e9partis \u00e0 l\u2019aval d\u2019Apt, entre le Pont Julien et Coustellet....<\/div><\/a><p class=\"wp-posts-carousel-buttons\"><p><\/div><\/div><\/div><div class=\"wp-posts-carousel-slide slides-4\"><div class=\"wp-posts-carousel-container\"><div class=\"wp-posts-carousel-image\"><a href=\"https:\/\/www.parcduluberon.fr\/en\/le-parc\/revision-de-la-charte\/lessentiel\/\" title=\"Read more L\u2019essentiel du projet de Charte 2025-2040\"><img decoding=\"async\" alt=\"L\u2019essentiel du projet de Charte 2025-2040\" style=\"max-width:100%;max-height:100%\" src=\"https:\/\/www.parcduluberon.fr\/wp-content\/uploads\/2025\/05\/BAN_essentiel_charte-460x295.jpg\"><\/a><\/div><div class=\"wp-posts-carousel-details\"><h3 class=\"wp-posts-carousel-title\"><a href=\"https:\/\/www.parcduluberon.fr\/en\/le-parc\/revision-de-la-charte\/lessentiel\/\" title=\"L\u2019essentiel du projet de Charte 2025-2040\">L\u2019essentiel du projet de Charte 2025-2040<\/a><\/h3><a href=\"https:\/\/www.parcduluberon.fr\/en\/le-parc\/revision-de-la-charte\/lessentiel\/\" title=\"Read more L\u2019essentiel du projet de Charte 2025-2040\"><div class=\"wp-posts-carousel-desc\"><span class=\"pnrl-separator\"><\/span><br>Retrouvez la synth\u00e8se de la Charte 2025-2040 et les atouts du Parc naturel r\u00e9gional....<\/div><\/a><p class=\"wp-posts-carousel-buttons\"><p><\/div><\/div><\/div><div class=\"wp-posts-carousel-slide slides-4\"><div class=\"wp-posts-carousel-container\"><div class=\"wp-posts-carousel-image\"><a href=\"https:\/\/www.parcduluberon.fr\/en\/prepare-your-stay\/how-to-get-there\/\" title=\"Read more How to get there\"><img decoding=\"async\" alt=\"How to get there\" style=\"max-width:100%;max-height:100%\" src=\"https:\/\/www.parcduluberon.fr\/wp-content\/uploads\/2017\/07\/BAN_R2_geologie_c_david_tatin-460x295.jpg\"><\/a><\/div><div class=\"wp-posts-carousel-details\"><h3 class=\"wp-posts-carousel-title\"><a href=\"https:\/\/www.parcduluberon.fr\/en\/prepare-your-stay\/how-to-get-there\/\" title=\"How to get there\">How to get there<\/a><\/h3><a href=\"https:\/\/www.parcduluberon.fr\/en\/prepare-your-stay\/how-to-get-there\/\" title=\"Read more How to get there\"><div class=\"wp-posts-carousel-desc\"><span class=\"pnrl-separator\"><\/span><br>Situated in southeastern France, the Luberon UNESCO Global Geopark is located in Provence, close to the towns of Aix-en-Provence and Avignon. The Geopark is easily accesible....<\/div><\/a><p class=\"wp-posts-carousel-buttons\"><p><\/div><\/div><\/div><\/div><script type=\"text\/javascript\">\n                    jQuery(window).load(function(e) {\n                        var wpPostsCarousel1397040641 = jQuery(\"#wp-posts-carousel-1397040641\");\n                        wpPostsCarousel1397040641.owlCarousel({\n                            loop: true,\n                            nav: true,\n                            navSpeed: 800,\n                            dots: false,\n                            dotsSpeed: 800,\n                            lazyLoad: false,\n                            autoplay: false,\n                            autoplayHoverPause: true,\n                            autoplayTimeout: 1200,\n                            autoplaySpeed:  800,\n                            margin: 5,\n                            stagePadding: 0,\n                            freeDrag: false,\n                            mouseDrag: true,\n                            touchDrag: true,\n                            slideBy: 1,\n                            fallbackEasing: \"linear\",\n                            responsiveClass: true,\n                            navText: [ \" Actualit\u00e9 pr\u00e9c\u00e9dente \", \" Actualit\u00e9 suivante \" ],\n                            responsive:{\n                                0:{items: 1},\n                                600:{items: 2},\n                                1000:{items: 4}\n                                \n                            },\n                            autoHeight: true\n                        });\n                        wpPostsCarousel1397040641.on(\"mousewheel\", \".owl-stage\", function(e) {\n                if (e.deltaY > 0) {\n                    wpPostsCarousel1397040641.trigger(\"next.owl\");\n                } else {\n                    wpPostsCarousel1397040641.trigger(\"prev.owl\");\n                }\n                e.preventDefault();\n            });\n                    });\n                <\/script>\n<\/div><div class=\"fusion-clearfix\"><\/div>\n\n\t\t\t\t\t<\/div>\n\t\t\t\t<\/div><\/div><\/div><div class=\"fusion-fullwidth fullwidth-box nonhundred-percent-fullwidth non-hundred-percent-height-scrolling\"  style='background-color: rgba(255,255,255,0);background-position: center center;background-repeat: no-repeat;padding-top:80px;padding-right:4%;padding-bottom:150px;padding-left:4%;'><div class=\"fusion-builder-row fusion-row \"><div  class=\"fusion-layout-column fusion_builder_column fusion_builder_column_1_1  fusion-one-full fusion-column-first fusion-column-last 1_1\"  style='margin-top:0px;margin-bottom:0px;width:100%'>\n\t\t\t\t\t<div class=\"fusion-column-wrapper\" style=\"padding: 0px 0px 0px 0px;background-position:left top;background-repeat:no-repeat;-webkit-background-size:cover;-moz-background-size:cover;-o-background-size:cover;background-size:cover;\"  data-bg-url=\"\">\n\t\t\t\t\t\t<div class=\"fusion-clearfix\"><\/div>\n\n\t\t\t\t\t<\/div>\n\t\t\t\t<\/div><\/div><\/div><\/p>\n","protected":false},"excerpt":{"rendered":"<p>Le Parc du Luberon porte le programme Espace vall\u00e9en Luberon-Lure 2021-2027, en partenariat avec les acteurs du tourisme. <\/p>\n","protected":false},"author":6,"featured_media":20681,"comment_status":"closed","ping_status":"open","sticky":false,"template":"","format":"standard","meta":{"_acf_changed":false,"_seopress_robots_primary_cat":"112","_seopress_titles_title":"","_seopress_titles_desc":"Le Parc naturel r\u00e9gional du Luberon porte le programme Espace vall\u00e9en Luberon-Lure 2021-2027, en partenariat avec les acteurs du tourisme locaux et r\u00e9gionaux. Les financements permettent la r\u00e9alisation de nouveaux am\u00e9nagements et \u00e9quipements \u00e0 destination des habitants et des visiteurs.","_seopress_robots_index":"","_bbp_topic_count":0,"_bbp_reply_count":0,"_bbp_total_topic_count":0,"_bbp_total_reply_count":0,"_bbp_voice_count":0,"_bbp_anonymous_reply_count":0,"_bbp_topic_count_hidden":0,"_bbp_reply_count_hidden":0,"_bbp_forum_subforum_count":0,"footnotes":""},"categories":[112],"tags":[232,230,207],"class_list":["post-20683","post","type-post","status-publish","format-standard","has-post-thumbnail","hentry","category-tourisme","tag-amenager","tag-developper","tag-tourisme"],"acf":[],"_links":{"self":[{"href":"https:\/\/www.parcduluberon.fr\/en\/wp-json\/wp\/v2\/posts\/20683","targetHints":{"allow":["GET"]}}],"collection":[{"href":"https:\/\/www.parcduluberon.fr\/en\/wp-json\/wp\/v2\/posts"}],"about":[{"href":"https:\/\/www.parcduluberon.fr\/en\/wp-json\/wp\/v2\/types\/post"}],"author":[{"embeddable":true,"href":"https:\/\/www.parcduluberon.fr\/en\/wp-json\/wp\/v2\/users\/6"}],"replies":[{"embeddable":true,"href":"https:\/\/www.parcduluberon.fr\/en\/wp-json\/wp\/v2\/comments?post=20683"}],"version-history":[{"count":33,"href":"https:\/\/www.parcduluberon.fr\/en\/wp-json\/wp\/v2\/posts\/20683\/revisions"}],"predecessor-version":[{"id":3184263,"href":"https:\/\/www.parcduluberon.fr\/en\/wp-json\/wp\/v2\/posts\/20683\/revisions\/3184263"}],"wp:featuredmedia":[{"embeddable":true,"href":"https:\/\/www.parcduluberon.fr\/en\/wp-json\/wp\/v2\/media\/20681"}],"wp:attachment":[{"href":"https:\/\/www.parcduluberon.fr\/en\/wp-json\/wp\/v2\/media?parent=20683"}],"wp:term":[{"taxonomy":"category","embeddable":true,"href":"https:\/\/www.parcduluberon.fr\/en\/wp-json\/wp\/v2\/categories?post=20683"},{"taxonomy":"post_tag","embeddable":true,"href":"https:\/\/www.parcduluberon.fr\/en\/wp-json\/wp\/v2\/tags?post=20683"}],"curies":[{"name":"wp","href":"https:\/\/api.w.org\/{rel}","templated":true}]}}